{"id":3896,"date":"2017-03-10T09:20:56","date_gmt":"2017-03-10T09:20:56","guid":{"rendered":"http:\/\/www.hotelmedena.com\/?p=3896"},"modified":"2017-03-11T09:21:36","modified_gmt":"2017-03-11T09:21:36","slug":"prijave-sajam-inovacija-ideja","status":"publish","type":"post","link":"https:\/\/www.hotelmedena.com\/hr\/2017\/03\/10\/prijave-sajam-inovacija-ideja\/","title":{"rendered":"[:en]APPLICATIONS FOR INNOVATION AND IDEA FAIR[:hr]PRIJAVE NA SAJAM INOVACIJA I IDEJA[:de]ANWENDUNGEN F\u00dcR DIE MESSE DER INNOVATIONEN UND IDEEN[:]"},"content":{"rendered":"<p>[:en]You have an innovation? You can report it until 10th March this year with enclosed sketch and description of ideas, Powerpoint presentation and photo of the model. The fair will take place on 16th March in the Primary School Dr. Merz in Zagreb, and signed projects can be various.<\/p>\n<p>&nbsp;<\/p>\n<p>&nbsp;[:hr]Imate inovaciju? Mo\u017eete je prijaviti do 10. o\u017eujka ove godine uz koju prila\u017eete skicu i opis ideje, Powerpoint prezentaciju te fotografiju modela. Sajam \u0107e se odr\u017eati 16. o\u017eujka u Osnovnoj \u0161koli Dr. Merza u Zagrebu, a prijavljeni projekti mogu biti raznovrsni.<\/p>\n<p>&nbsp;<\/p>\n<p>&nbsp;[:de]Sie haben eine Innovation? Sie k\u00f6nnen es bis zum 10. M\u00e4rz dieses Jahres mit eingeschlossener Skizze und Beschreibung der Ideen, Powerpoint Pr\u00e4sentation und Foto des Modells melden. Die Messe findet am 16. M\u00e4rz in der Grundschule Dr. Merz in Zagreb statt und unterzeichnete Projekte k\u00f6nnen verschieden sein.<\/p>\n<p>&nbsp;[:]<\/p>","protected":false},"excerpt":{"rendered":"<p>[:en]You have an innovation? You can report it until 10th March this year with enclosed sketch and description of ideas, <a href=\"https:\/\/www.hotelmedena.com\/hr\/2017\/03\/10\/prijave-sajam-inovacija-ideja\/#more-'\" class=\"more-link\">&#8230; \u00bb\u00bb<\/a><\/p>","protected":false},"author":3,"featured_media":0,"comment_status":"open","ping_status":"open","sticky":false,"template":"","format":"standard","meta":{"site-sidebar-layout":"default","site-content-layout":"","ast-site-content-layout":"","site-content-style":"default","site-sidebar-style":"default","ast-global-header-display":"","ast-banner-title-visibility":"","ast-main-header-display":"","ast-hfb-above-header-display":"","ast-hfb-below-header-display":"","ast-hfb-mobile-header-display":"","site-post-title":"","ast-breadcrumbs-content":"","ast-featured-img":"","footer-sml-layout":"","theme-transparent-header-meta":"","adv-header-id-meta":"","stick-header-meta":"","header-above-stick-meta":"","header-main-stick-meta":"","header-below-stick-meta":"","astra-migrate-meta-layouts":"default","ast-page-background-enabled":"default","ast-page-background-meta":{"desktop":{"background-color":"var(--ast-global-color-5)","background-image":"","background-repeat":"repeat","background-position":"center center","background-size":"auto","background-attachment":"scroll","background-type":"","background-media":"","overlay-type":"","overlay-color":"","overlay-opacity":"","overlay-gradient":""},"tablet":{"background-color":"","background-image":"","background-repeat":"repeat","background-position":"center center","background-size":"auto","background-attachment":"scroll","background-type":"","background-media":"","overlay-type":"","overlay-color":"","overlay-opacity":"","overlay-gradient":""},"mobile":{"background-color":"","background-image":"","background-repeat":"repeat","background-position":"center center","background-size":"auto","background-attachment":"scroll","background-type":"","background-media":"","overlay-type":"","overlay-color":"","overlay-opacity":"","overlay-gradient":""}},"ast-content-background-meta":{"desktop":{"background-color":"var(--ast-global-color-4)","background-image":"","background-repeat":"repeat","background-position":"center center","background-size":"auto","background-attachment":"scroll","background-type":"","background-media":"","overlay-type":"","overlay-color":"","overlay-opacity":"","overlay-gradient":""},"tablet":{"background-color":"var(--ast-global-color-4)","background-image":"","background-repeat":"repeat","background-position":"center center","background-size":"auto","background-attachment":"scroll","background-type":"","background-media":"","overlay-type":"","overlay-color":"","overlay-opacity":"","overlay-gradient":""},"mobile":{"background-color":"var(--ast-global-color-4)","background-image":"","background-repeat":"repeat","background-position":"center center","background-size":"auto","background-attachment":"scroll","background-type":"","background-media":"","overlay-type":"","overlay-color":"","overlay-opacity":"","overlay-gradient":""}},"footnotes":""},"categories":[1],"tags":[],"class_list":["post-3896","post","type-post","status-publish","format-standard","hentry","category-sve"],"yoast_head":"<!-- This site is optimized with the Yoast SEO plugin v25.1 - https:\/\/yoast.com\/wordpress\/plugins\/seo\/ -->\n<title>[:en]APPLICATIONS FOR INNOVATION AND IDEA FAIR[:hr]PRIJAVE NA SAJAM INOVACIJA I IDEJA[:de]ANWENDUNGEN F\u00dcR DIE MESSE DER INNOVATIONEN UND IDEEN[:] - Hotel Medena - Trogir - Croatia<\/title>\n<meta name=\"robots\" content=\"index, follow, max-snippet:-1, max-image-preview:large, max-video-preview:-1\" \/>\n<link rel=\"canonical\" href=\"https:\/\/www.hotelmedena.com\/hr\/2017\/03\/10\/prijave-sajam-inovacija-ideja\/\" \/>\n<meta property=\"og:locale\" content=\"hr_HR\" \/>\n<meta property=\"og:type\" content=\"article\" \/>\n<meta property=\"og:title\" content=\"[:en]APPLICATIONS FOR INNOVATION AND IDEA FAIR[:hr]PRIJAVE NA SAJAM INOVACIJA I IDEJA[:de]ANWENDUNGEN F\u00dcR DIE MESSE DER INNOVATIONEN UND IDEEN[:] - Hotel Medena - Trogir - Croatia\" \/>\n<meta property=\"og:description\" content=\"[:en]You have an innovation? You can report it until 10th March this year with enclosed sketch and description of ideas, ... \u00bb\u00bb\" \/>\n<meta property=\"og:url\" content=\"https:\/\/www.hotelmedena.com\/hr\/2017\/03\/10\/prijave-sajam-inovacija-ideja\/\" \/>\n<meta property=\"og:site_name\" content=\"Hotel Medena - Trogir - Croatia\" \/>\n<meta property=\"article:published_time\" content=\"2017-03-10T09:20:56+00:00\" \/>\n<meta property=\"article:modified_time\" content=\"2017-03-11T09:21:36+00:00\" \/>\n<meta name=\"author\" content=\"A FG\" \/>\n<meta name=\"twitter:card\" content=\"summary_large_image\" \/>\n<meta name=\"twitter:label1\" content=\"Napisao\/la\" \/>\n\t<meta name=\"twitter:data1\" content=\"A FG\" \/>\n\t<meta name=\"twitter:label2\" content=\"Procijenjeno vrijeme \u010ditanja\" \/>\n\t<meta name=\"twitter:data2\" content=\"1 minuta\" \/>\n<script type=\"application\/ld+json\" class=\"yoast-schema-graph\">{\"@context\":\"https:\/\/schema.org\",\"@graph\":[{\"@type\":\"Article\",\"@id\":\"https:\/\/www.hotelmedena.com\/2017\/03\/10\/prijave-sajam-inovacija-ideja\/#article\",\"isPartOf\":{\"@id\":\"https:\/\/www.hotelmedena.com\/2017\/03\/10\/prijave-sajam-inovacija-ideja\/\"},\"author\":{\"name\":\"A FG\",\"@id\":\"https:\/\/www.hotelmedena.com\/#\/schema\/person\/d1f68b6b98afae7c074484304d6b0acf\"},\"headline\":\"[:en]APPLICATIONS FOR INNOVATION AND IDEA FAIR[:hr]PRIJAVE NA SAJAM INOVACIJA I IDEJA[:de]ANWENDUNGEN F\u00dcR DIE MESSE DER INNOVATIONEN UND IDEEN[:]\",\"datePublished\":\"2017-03-10T09:20:56+00:00\",\"dateModified\":\"2017-03-11T09:21:36+00:00\",\"mainEntityOfPage\":{\"@id\":\"https:\/\/www.hotelmedena.com\/2017\/03\/10\/prijave-sajam-inovacija-ideja\/\"},\"wordCount\":175,\"commentCount\":0,\"publisher\":{\"@id\":\"https:\/\/www.hotelmedena.com\/#organization\"},\"articleSection\":[\"Glavne vijesti\"],\"inLanguage\":\"hr\",\"potentialAction\":[{\"@type\":\"CommentAction\",\"name\":\"Comment\",\"target\":[\"https:\/\/www.hotelmedena.com\/2017\/03\/10\/prijave-sajam-inovacija-ideja\/#respond\"]}]},{\"@type\":\"WebPage\",\"@id\":\"https:\/\/www.hotelmedena.com\/2017\/03\/10\/prijave-sajam-inovacija-ideja\/\",\"url\":\"https:\/\/www.hotelmedena.com\/2017\/03\/10\/prijave-sajam-inovacija-ideja\/\",\"name\":\"[:en]APPLICATIONS FOR INNOVATION AND IDEA FAIR[:hr]PRIJAVE NA SAJAM INOVACIJA I IDEJA[:de]ANWENDUNGEN F\u00dcR DIE MESSE DER INNOVATIONEN UND IDEEN[:] - Hotel Medena - Trogir - Croatia\",\"isPartOf\":{\"@id\":\"https:\/\/www.hotelmedena.com\/#website\"},\"datePublished\":\"2017-03-10T09:20:56+00:00\",\"dateModified\":\"2017-03-11T09:21:36+00:00\",\"breadcrumb\":{\"@id\":\"https:\/\/www.hotelmedena.com\/2017\/03\/10\/prijave-sajam-inovacija-ideja\/#breadcrumb\"},\"inLanguage\":\"hr\",\"potentialAction\":[{\"@type\":\"ReadAction\",\"target\":[\"https:\/\/www.hotelmedena.com\/2017\/03\/10\/prijave-sajam-inovacija-ideja\/\"]}]},{\"@type\":\"BreadcrumbList\",\"@id\":\"https:\/\/www.hotelmedena.com\/2017\/03\/10\/prijave-sajam-inovacija-ideja\/#breadcrumb\",\"itemListElement\":[{\"@type\":\"ListItem\",\"position\":1,\"name\":\"Home\",\"item\":\"https:\/\/www.hotelmedena.com\/\"},{\"@type\":\"ListItem\",\"position\":2,\"name\":\"[:en]APPLICATIONS FOR INNOVATION AND IDEA FAIR[:hr]PRIJAVE NA SAJAM INOVACIJA I IDEJA[:de]ANWENDUNGEN F\u00dcR DIE MESSE DER INNOVATIONEN UND IDEEN[:]\"}]},{\"@type\":\"WebSite\",\"@id\":\"https:\/\/www.hotelmedena.com\/#website\",\"url\":\"https:\/\/www.hotelmedena.com\/\",\"name\":\"Hotel Medena - Trogir - Croatia\",\"description\":\"Obiteljski hotel\",\"publisher\":{\"@id\":\"https:\/\/www.hotelmedena.com\/#organization\"},\"potentialAction\":[{\"@type\":\"SearchAction\",\"target\":{\"@type\":\"EntryPoint\",\"urlTemplate\":\"https:\/\/www.hotelmedena.com\/?s={search_term_string}\"},\"query-input\":{\"@type\":\"PropertyValueSpecification\",\"valueRequired\":true,\"valueName\":\"search_term_string\"}}],\"inLanguage\":\"hr\"},{\"@type\":\"Organization\",\"@id\":\"https:\/\/www.hotelmedena.com\/#organization\",\"name\":\"Hotel Medena - Trogir - Croatia\",\"url\":\"https:\/\/www.hotelmedena.com\/\",\"logo\":{\"@type\":\"ImageObject\",\"inLanguage\":\"hr\",\"@id\":\"https:\/\/www.hotelmedena.com\/#\/schema\/logo\/image\/\",\"url\":\"https:\/\/www.hotelmedena.com\/wp-content\/uploads\/2025\/03\/cropped-hotel-logo2-1.png\",\"contentUrl\":\"https:\/\/www.hotelmedena.com\/wp-content\/uploads\/2025\/03\/cropped-hotel-logo2-1.png\",\"width\":888,\"height\":622,\"caption\":\"Hotel Medena - Trogir - Croatia\"},\"image\":{\"@id\":\"https:\/\/www.hotelmedena.com\/#\/schema\/logo\/image\/\"}},{\"@type\":\"Person\",\"@id\":\"https:\/\/www.hotelmedena.com\/#\/schema\/person\/d1f68b6b98afae7c074484304d6b0acf\",\"name\":\"A FG\",\"url\":\"https:\/\/www.hotelmedena.com\/hr\/author\/anamarija\/\"}]}<\/script>\n<!-- \/ Yoast SEO plugin. -->","yoast_head_json":{"title":"[:en]APPLICATIONS FOR INNOVATION AND IDEA FAIR[:hr]PRIJAVE NA SAJAM INOVACIJA I IDEJA[:de]ANWENDUNGEN F\u00dcR DIE MESSE DER INNOVATIONEN UND IDEEN[:] - Hotel Medena - Trogir - Croatia","robots":{"index":"index","follow":"follow","max-snippet":"max-snippet:-1","max-image-preview":"max-image-preview:large","max-video-preview":"max-video-preview:-1"},"canonical":"https:\/\/www.hotelmedena.com\/hr\/2017\/03\/10\/prijave-sajam-inovacija-ideja\/","og_locale":"hr_HR","og_type":"article","og_title":"[:en]APPLICATIONS FOR INNOVATION AND IDEA FAIR[:hr]PRIJAVE NA SAJAM INOVACIJA I IDEJA[:de]ANWENDUNGEN F\u00dcR DIE MESSE DER INNOVATIONEN UND IDEEN[:] - Hotel Medena - Trogir - Croatia","og_description":"[:en]You have an innovation? You can report it until 10th March this year with enclosed sketch and description of ideas, ... \u00bb\u00bb","og_url":"https:\/\/www.hotelmedena.com\/hr\/2017\/03\/10\/prijave-sajam-inovacija-ideja\/","og_site_name":"Hotel Medena - Trogir - Croatia","article_published_time":"2017-03-10T09:20:56+00:00","article_modified_time":"2017-03-11T09:21:36+00:00","author":"A FG","twitter_card":"summary_large_image","twitter_misc":{"Napisao\/la":"A FG","Procijenjeno vrijeme \u010ditanja":"1 minuta"},"schema":{"@context":"https:\/\/schema.org","@graph":[{"@type":"Article","@id":"https:\/\/www.hotelmedena.com\/2017\/03\/10\/prijave-sajam-inovacija-ideja\/#article","isPartOf":{"@id":"https:\/\/www.hotelmedena.com\/2017\/03\/10\/prijave-sajam-inovacija-ideja\/"},"author":{"name":"A FG","@id":"https:\/\/www.hotelmedena.com\/#\/schema\/person\/d1f68b6b98afae7c074484304d6b0acf"},"headline":"[:en]APPLICATIONS FOR INNOVATION AND IDEA FAIR[:hr]PRIJAVE NA SAJAM INOVACIJA I IDEJA[:de]ANWENDUNGEN F\u00dcR DIE MESSE DER INNOVATIONEN UND IDEEN[:]","datePublished":"2017-03-10T09:20:56+00:00","dateModified":"2017-03-11T09:21:36+00:00","mainEntityOfPage":{"@id":"https:\/\/www.hotelmedena.com\/2017\/03\/10\/prijave-sajam-inovacija-ideja\/"},"wordCount":175,"commentCount":0,"publisher":{"@id":"https:\/\/www.hotelmedena.com\/#organization"},"articleSection":["Glavne vijesti"],"inLanguage":"hr","potentialAction":[{"@type":"CommentAction","name":"Comment","target":["https:\/\/www.hotelmedena.com\/2017\/03\/10\/prijave-sajam-inovacija-ideja\/#respond"]}]},{"@type":"WebPage","@id":"https:\/\/www.hotelmedena.com\/2017\/03\/10\/prijave-sajam-inovacija-ideja\/","url":"https:\/\/www.hotelmedena.com\/2017\/03\/10\/prijave-sajam-inovacija-ideja\/","name":"[:en]APPLICATIONS FOR INNOVATION AND IDEA FAIR[:hr]PRIJAVE NA SAJAM INOVACIJA I IDEJA[:de]ANWENDUNGEN F\u00dcR DIE MESSE DER INNOVATIONEN UND IDEEN[:] - Hotel Medena - Trogir - Croatia","isPartOf":{"@id":"https:\/\/www.hotelmedena.com\/#website"},"datePublished":"2017-03-10T09:20:56+00:00","dateModified":"2017-03-11T09:21:36+00:00","breadcrumb":{"@id":"https:\/\/www.hotelmedena.com\/2017\/03\/10\/prijave-sajam-inovacija-ideja\/#breadcrumb"},"inLanguage":"hr","potentialAction":[{"@type":"ReadAction","target":["https:\/\/www.hotelmedena.com\/2017\/03\/10\/prijave-sajam-inovacija-ideja\/"]}]},{"@type":"BreadcrumbList","@id":"https:\/\/www.hotelmedena.com\/2017\/03\/10\/prijave-sajam-inovacija-ideja\/#breadcrumb","itemListElement":[{"@type":"ListItem","position":1,"name":"Home","item":"https:\/\/www.hotelmedena.com\/"},{"@type":"ListItem","position":2,"name":"[:en]APPLICATIONS FOR INNOVATION AND IDEA FAIR[:hr]PRIJAVE NA SAJAM INOVACIJA I IDEJA[:de]ANWENDUNGEN F\u00dcR DIE MESSE DER INNOVATIONEN UND IDEEN[:]"}]},{"@type":"WebSite","@id":"https:\/\/www.hotelmedena.com\/#website","url":"https:\/\/www.hotelmedena.com\/","name":"Hotel Medena - Trogir - Croatia","description":"Obiteljski hotel","publisher":{"@id":"https:\/\/www.hotelmedena.com\/#organization"},"potentialAction":[{"@type":"SearchAction","target":{"@type":"EntryPoint","urlTemplate":"https:\/\/www.hotelmedena.com\/?s={search_term_string}"},"query-input":{"@type":"PropertyValueSpecification","valueRequired":true,"valueName":"search_term_string"}}],"inLanguage":"hr"},{"@type":"Organization","@id":"https:\/\/www.hotelmedena.com\/#organization","name":"Hotel Medena - Trogir - Croatia","url":"https:\/\/www.hotelmedena.com\/","logo":{"@type":"ImageObject","inLanguage":"hr","@id":"https:\/\/www.hotelmedena.com\/#\/schema\/logo\/image\/","url":"https:\/\/www.hotelmedena.com\/wp-content\/uploads\/2025\/03\/cropped-hotel-logo2-1.png","contentUrl":"https:\/\/www.hotelmedena.com\/wp-content\/uploads\/2025\/03\/cropped-hotel-logo2-1.png","width":888,"height":622,"caption":"Hotel Medena - Trogir - Croatia"},"image":{"@id":"https:\/\/www.hotelmedena.com\/#\/schema\/logo\/image\/"}},{"@type":"Person","@id":"https:\/\/www.hotelmedena.com\/#\/schema\/person\/d1f68b6b98afae7c074484304d6b0acf","name":"A FG","url":"https:\/\/www.hotelmedena.com\/hr\/author\/anamarija\/"}]}},"_links":{"self":[{"href":"https:\/\/www.hotelmedena.com\/hr\/wp-json\/wp\/v2\/posts\/3896","targetHints":{"allow":["GET"]}}],"collection":[{"href":"https:\/\/www.hotelmedena.com\/hr\/wp-json\/wp\/v2\/posts"}],"about":[{"href":"https:\/\/www.hotelmedena.com\/hr\/wp-json\/wp\/v2\/types\/post"}],"author":[{"embeddable":true,"href":"https:\/\/www.hotelmedena.com\/hr\/wp-json\/wp\/v2\/users\/3"}],"replies":[{"embeddable":true,"href":"https:\/\/www.hotelmedena.com\/hr\/wp-json\/wp\/v2\/comments?post=3896"}],"version-history":[{"count":1,"href":"https:\/\/www.hotelmedena.com\/hr\/wp-json\/wp\/v2\/posts\/3896\/revisions"}],"predecessor-version":[{"id":3897,"href":"https:\/\/www.hotelmedena.com\/hr\/wp-json\/wp\/v2\/posts\/3896\/revisions\/3897"}],"wp:attachment":[{"href":"https:\/\/www.hotelmedena.com\/hr\/wp-json\/wp\/v2\/media?parent=3896"}],"wp:term":[{"taxonomy":"category","embeddable":true,"href":"https:\/\/www.hotelmedena.com\/hr\/wp-json\/wp\/v2\/categories?post=3896"},{"taxonomy":"post_tag","embeddable":true,"href":"https:\/\/www.hotelmedena.com\/hr\/wp-json\/wp\/v2\/tags?post=3896"}],"curies":[{"name":"wp","href":"https:\/\/api.w.org\/{rel}","templated":true}]}}