{"id":3805,"date":"2017-02-21T13:46:27","date_gmt":"2017-02-21T13:46:27","guid":{"rendered":"http:\/\/www.hotelmedena.com\/?p=3805"},"modified":"2017-03-01T13:48:32","modified_gmt":"2017-03-01T13:48:32","slug":"smart-duschen-bald-auf-den-adriatischen-stranden","status":"publish","type":"post","link":"https:\/\/www.hotelmedena.com\/hr\/2017\/02\/21\/smart-duschen-bald-auf-den-adriatischen-stranden\/","title":{"rendered":"[:en]SMART SHOWERS SOON ON THE ADRIATIC BEACHES[:hr]PAMETNI TU\u0160EVI USKORO NA JADRANSKIM PLA\u017dAMA[:de]SMART DUSCHEN BALD AUF DEN ADRIATISCHEN STR\u00c4NDEN[:]"},"content":{"rendered":"<p>[:en]Smart shower Unni offers a range of technical improvements and predicts that next year could be set up on the beaches along the Adriatic coast. This news are excellent for a young team of experts consisting of Matias Kne\u017eevi\u0107, Kristijan Gorupi\u0107 and Niko Jele\u010d. Their multifunctional shower uses renewable energy &#8211; photovoltaic cells on top of the construction. Enables you connection to Wi-Fi, installation of speakers, lighting after evening hours.<\/p>\n<p>The concept of the original shower proved to be too large, complicated and uncompetitive. The new, improved version of the shower is not so exciting as the first but offers a number of technical improvements. With solar power is provided autonomous work, and it will also have display in the function of info center that will provide swimmers weather information, sea temperature, local content and video advertising.<\/p>\n<p>Showers will be activated using sensors, it will prevent water loss and the hygiene of the shower will be at a higher level.<\/p>\n<p>Unni is a domestic product of shower stainless steel construction that is fold in Orahovica, and solar panels are produced in Vara\u017edin.<\/p>\n<p>This innovation was recognized by Kristijan \u0160imi\u010di\u0107 who became a partner investor. His vision is to invest in business projects that will create new value and new jobs. This is a young team with a global vision and potential. The team moved into the BIOS and employed two more workers.<\/p>\n<p>The next goal are finance from EU funds that stimulate innovative and smart solutions.<\/p>\n<p>&nbsp;<\/p>\n<p>&nbsp;<\/p>\n<p>&nbsp;<\/p>\n<p>&nbsp;[:hr]Pametni tu\u0161 Unni nudi niz tehni\u010dkih pobolj\u0161anje i predvi\u0111a se da bi idu\u0107e godine mogao biti postavljen na pla\u017eama du\u017e jadranske obale. Odli\u010dne su to vijesti za mladi tim stru\u010dnjaka kojeg \u010dine Matias Kne\u017eevi\u0107, Kristijan Gorupi\u0107 i Niko Jele\u010d. Njihov multifunkcionalni tu\u0161 koristi obnovljive izvore energije \u2013 fotonaponsku \u0107eliju na vrhu konstrukcije. Omogu\u0107uje i spajanje na WiFi, instaliranje zvu\u010dnika, rasvjetu nakon ve\u010dernjih sati.<\/p>\n<p>Koncept prvobitnog tu\u0161a se pokazao prevelikim, kompliciranim i nekonkurentnim. Nova, pobolj\u0161ana verzija tu\u0161a nije toliko uzbudljiva kao prva no nudi niz tehni\u010dkih pobolj\u0161anja. Uz solarno napajanje osiguran je autonomni rad, a imat \u0107e i ekran u funkciji infocentra koji \u0107e kupa\u010dima davati informacije o vremenu, temperaturi mora, lokalne sadr\u017eaje i videoreklame.<\/p>\n<p>Tu\u0161 \u0107e se aktivirati pomo\u0107u senzora, sprije\u010dit \u0107e se gubitak vode a higijena samog tu\u0161a bit \u0107e na ve\u0107em nivou.<\/p>\n<p>Unni je doma\u0107i proizvod inox konstrukcije tu\u0161a koja se sklapa u Orahovici, a solarne plo\u010de se proizvode u Vara\u017edinu.<\/p>\n<p>Ovu inovaciju prepoznao je i Kristijan \u0160imi\u010di\u0107 koji je postao partner investitor. Njegova vizija je ulagati u poslovne projekte koji \u0107e stvarati novu vrijednost i otvarati nova radna mjesta. Ovdje se radi o mladoj ekipi s globalnom vizijom i potencijalom. Tim se preselio u BIOS i zaposlio jo\u0161 dvoje radnika.<\/p>\n<p>Sljede\u0107i cilj su financije iz EU fondova kojima se poti\u010du inovativna i pametna rje\u0161enja.<\/p>\n<p>&nbsp;<\/p>\n<p>&nbsp;[:de]<\/p>\n<p style=\"text-align: left;\">Smart Dusche Unni bietet eine Reihe von technischen Verbesserungen und prognostiziert, dass das n\u00e4chste Jahr k\u00f6nnte auf den Str\u00e4nden entlang der Adria-K\u00fcste eingerichtet werden. Diese Nachrichten sind ausgezeichnet f\u00fcr ein junges Team von Experten, bestehend aus Matias Kne\u017eevi\u0107, Kristijan Gorupi\u0107 und Niko Jele\u010d. Ihre multifunktionale Dusche nutzt erneuerbare Energie &#8211; Photovoltaik-Zellen auf der Oberseite der Struktur. Erm\u00f6glicht Ihnen Verbindung zu Wi-Fi, Installation von Lautsprechern, Beleuchtung nach Abendstunden.<\/p>\n<p>Das Konzept der urspr\u00fcnglichen Dusche erwies sich als zu gro\u00df, kompliziert und nicht wettbewerbsf\u00e4hig. Die neue, verbesserte Version der Dusche ist nicht so aufregend wie die erste aber bietet eine Reihe von technischen Verbesserungen. Mit Sonnenenergie wird autonome Arbeit zur Verf\u00fcgung gestellt, und es wird auch Anzeige in der Funktion des Info-Centers haben, die Schwimmer das Wetter Informationen, Meerestemperatur, lokale Inhalte und Video-Werbung bieten wird.<\/p>\n<p>Duschen werden unter Verwendung von Sensoren aktiviert, um das Wasserverlust zu verhindern und die Hygiene der Dusche wird auf einem h\u00f6heren Niveau.<\/p>\n<p>Unni ist ein Inlandsprodukt von Dusche Edelstahl-Konstruktion, die in Orahovica falten ist, und Sonnenkollektoren sind in Vara\u017edin produziert.<\/p>\n<p>Diese Innovation wurde von Kristijan \u0160imi\u010di\u0107 anerkannt, der ein Partner Investor geworden ist. Seine Vision ist in Business-Projekten zu investieren, die neue Werte und neue Arbeitspl\u00e4tze zu schaffen. Das ist ein junges Team mit einer globalen Vision und Potenzial. Das Team zog in das BIOS und besch\u00e4ftigt zwei weitere Arbeiter.<\/p>\n<p>Das n\u00e4chste Ziel sind Finanzierungen aus EU-Mitteln, die innovative und intelligente L\u00f6sungen stimulieren.[:]<\/p>","protected":false},"excerpt":{"rendered":"<p>[:en]Smart shower Unni offers a range of technical improvements and predicts that next year could be set up on the <a href=\"https:\/\/www.hotelmedena.com\/hr\/2017\/02\/21\/smart-duschen-bald-auf-den-adriatischen-stranden\/#more-'\" class=\"more-link\">&#8230; \u00bb\u00bb<\/a><\/p>","protected":false},"author":3,"featured_media":0,"comment_status":"open","ping_status":"open","sticky":false,"template":"","format":"standard","meta":{"site-sidebar-layout":"default","site-content-layout":"","ast-site-content-layout":"","site-content-style":"default","site-sidebar-style":"default","ast-global-header-display":"","ast-banner-title-visibility":"","ast-main-header-display":"","ast-hfb-above-header-display":"","ast-hfb-below-header-display":"","ast-hfb-mobile-header-display":"","site-post-title":"","ast-breadcrumbs-content":"","ast-featured-img":"","footer-sml-layout":"","theme-transparent-header-meta":"","adv-header-id-meta":"","stick-header-meta":"","header-above-stick-meta":"","header-main-stick-meta":"","header-below-stick-meta":"","astra-migrate-meta-layouts":"default","ast-page-background-enabled":"default","ast-page-background-meta":{"desktop":{"background-color":"var(--ast-global-color-5)","background-image":"","background-repeat":"repeat","background-position":"center center","background-size":"auto","background-attachment":"scroll","background-type":"","background-media":"","overlay-type":"","overlay-color":"","overlay-opacity":"","overlay-gradient":""},"tablet":{"background-color":"","background-image":"","background-repeat":"repeat","background-position":"center center","background-size":"auto","background-attachment":"scroll","background-type":"","background-media":"","overlay-type":"","overlay-color":"","overlay-opacity":"","overlay-gradient":""},"mobile":{"background-color":"","background-image":"","background-repeat":"repeat","background-position":"center center","background-size":"auto","background-attachment":"scroll","background-type":"","background-media":"","overlay-type":"","overlay-color":"","overlay-opacity":"","overlay-gradient":""}},"ast-content-background-meta":{"desktop":{"background-color":"var(--ast-global-color-4)","background-image":"","background-repeat":"repeat","background-position":"center center","background-size":"auto","background-attachment":"scroll","background-type":"","background-media":"","overlay-type":"","overlay-color":"","overlay-opacity":"","overlay-gradient":""},"tablet":{"background-color":"var(--ast-global-color-4)","background-image":"","background-repeat":"repeat","background-position":"center center","background-size":"auto","background-attachment":"scroll","background-type":"","background-media":"","overlay-type":"","overlay-color":"","overlay-opacity":"","overlay-gradient":""},"mobile":{"background-color":"var(--ast-global-color-4)","background-image":"","background-repeat":"repeat","background-position":"center center","background-size":"auto","background-attachment":"scroll","background-type":"","background-media":"","overlay-type":"","overlay-color":"","overlay-opacity":"","overlay-gradient":""}},"footnotes":""},"categories":[1],"tags":[],"class_list":["post-3805","post","type-post","status-publish","format-standard","hentry","category-sve"],"yoast_head":"<!-- This site is optimized with the Yoast SEO plugin v25.1 - https:\/\/yoast.com\/wordpress\/plugins\/seo\/ -->\n<title>[:en]SMART SHOWERS SOON ON THE ADRIATIC BEACHES[:hr]PAMETNI TU\u0160EVI USKORO NA JADRANSKIM PLA\u017dAMA[:de]SMART DUSCHEN BALD AUF DEN ADRIATISCHEN STR\u00c4NDEN[:] - Hotel Medena - Trogir - Croatia<\/title>\n<meta name=\"robots\" content=\"index, follow, max-snippet:-1, max-image-preview:large, max-video-preview:-1\" \/>\n<link rel=\"canonical\" href=\"https:\/\/www.hotelmedena.com\/hr\/2017\/02\/21\/smart-duschen-bald-auf-den-adriatischen-stranden\/\" \/>\n<meta property=\"og:locale\" content=\"hr_HR\" \/>\n<meta property=\"og:type\" content=\"article\" \/>\n<meta property=\"og:title\" content=\"[:en]SMART SHOWERS SOON ON THE ADRIATIC BEACHES[:hr]PAMETNI TU\u0160EVI USKORO NA JADRANSKIM PLA\u017dAMA[:de]SMART DUSCHEN BALD AUF DEN ADRIATISCHEN STR\u00c4NDEN[:] - Hotel Medena - Trogir - Croatia\" \/>\n<meta property=\"og:description\" content=\"[:en]Smart shower Unni offers a range of technical improvements and predicts that next year could be set up on the ... \u00bb\u00bb\" \/>\n<meta property=\"og:url\" content=\"https:\/\/www.hotelmedena.com\/hr\/2017\/02\/21\/smart-duschen-bald-auf-den-adriatischen-stranden\/\" \/>\n<meta property=\"og:site_name\" content=\"Hotel Medena - Trogir - Croatia\" \/>\n<meta property=\"article:published_time\" content=\"2017-02-21T13:46:27+00:00\" \/>\n<meta property=\"article:modified_time\" content=\"2017-03-01T13:48:32+00:00\" \/>\n<meta name=\"author\" content=\"A FG\" \/>\n<meta name=\"twitter:card\" content=\"summary_large_image\" \/>\n<meta name=\"twitter:label1\" content=\"Napisao\/la\" \/>\n\t<meta name=\"twitter:data1\" content=\"A FG\" \/>\n\t<meta name=\"twitter:label2\" content=\"Procijenjeno vrijeme \u010ditanja\" \/>\n\t<meta name=\"twitter:data2\" content=\"4 minute\" \/>\n<script type=\"application\/ld+json\" class=\"yoast-schema-graph\">{\"@context\":\"https:\/\/schema.org\",\"@graph\":[{\"@type\":\"Article\",\"@id\":\"https:\/\/www.hotelmedena.com\/2017\/02\/21\/smart-duschen-bald-auf-den-adriatischen-stranden\/#article\",\"isPartOf\":{\"@id\":\"https:\/\/www.hotelmedena.com\/2017\/02\/21\/smart-duschen-bald-auf-den-adriatischen-stranden\/\"},\"author\":{\"name\":\"A FG\",\"@id\":\"https:\/\/www.hotelmedena.com\/#\/schema\/person\/d1f68b6b98afae7c074484304d6b0acf\"},\"headline\":\"[:en]SMART SHOWERS SOON ON THE ADRIATIC BEACHES[:hr]PAMETNI TU\u0160EVI USKORO NA JADRANSKIM PLA\u017dAMA[:de]SMART DUSCHEN BALD AUF DEN ADRIATISCHEN STR\u00c4NDEN[:]\",\"datePublished\":\"2017-02-21T13:46:27+00:00\",\"dateModified\":\"2017-03-01T13:48:32+00:00\",\"mainEntityOfPage\":{\"@id\":\"https:\/\/www.hotelmedena.com\/2017\/02\/21\/smart-duschen-bald-auf-den-adriatischen-stranden\/\"},\"wordCount\":782,\"commentCount\":0,\"publisher\":{\"@id\":\"https:\/\/www.hotelmedena.com\/#organization\"},\"articleSection\":[\"Glavne vijesti\"],\"inLanguage\":\"hr\",\"potentialAction\":[{\"@type\":\"CommentAction\",\"name\":\"Comment\",\"target\":[\"https:\/\/www.hotelmedena.com\/2017\/02\/21\/smart-duschen-bald-auf-den-adriatischen-stranden\/#respond\"]}]},{\"@type\":\"WebPage\",\"@id\":\"https:\/\/www.hotelmedena.com\/2017\/02\/21\/smart-duschen-bald-auf-den-adriatischen-stranden\/\",\"url\":\"https:\/\/www.hotelmedena.com\/2017\/02\/21\/smart-duschen-bald-auf-den-adriatischen-stranden\/\",\"name\":\"[:en]SMART SHOWERS SOON ON THE ADRIATIC BEACHES[:hr]PAMETNI TU\u0160EVI USKORO NA JADRANSKIM PLA\u017dAMA[:de]SMART DUSCHEN BALD AUF DEN ADRIATISCHEN STR\u00c4NDEN[:] - Hotel Medena - Trogir - Croatia\",\"isPartOf\":{\"@id\":\"https:\/\/www.hotelmedena.com\/#website\"},\"datePublished\":\"2017-02-21T13:46:27+00:00\",\"dateModified\":\"2017-03-01T13:48:32+00:00\",\"breadcrumb\":{\"@id\":\"https:\/\/www.hotelmedena.com\/2017\/02\/21\/smart-duschen-bald-auf-den-adriatischen-stranden\/#breadcrumb\"},\"inLanguage\":\"hr\",\"potentialAction\":[{\"@type\":\"ReadAction\",\"target\":[\"https:\/\/www.hotelmedena.com\/2017\/02\/21\/smart-duschen-bald-auf-den-adriatischen-stranden\/\"]}]},{\"@type\":\"BreadcrumbList\",\"@id\":\"https:\/\/www.hotelmedena.com\/2017\/02\/21\/smart-duschen-bald-auf-den-adriatischen-stranden\/#breadcrumb\",\"itemListElement\":[{\"@type\":\"ListItem\",\"position\":1,\"name\":\"Home\",\"item\":\"https:\/\/www.hotelmedena.com\/\"},{\"@type\":\"ListItem\",\"position\":2,\"name\":\"[:en]SMART SHOWERS SOON ON THE ADRIATIC BEACHES[:hr]PAMETNI TU\u0160EVI USKORO NA JADRANSKIM PLA\u017dAMA[:de]SMART DUSCHEN BALD AUF DEN ADRIATISCHEN STR\u00c4NDEN[:]\"}]},{\"@type\":\"WebSite\",\"@id\":\"https:\/\/www.hotelmedena.com\/#website\",\"url\":\"https:\/\/www.hotelmedena.com\/\",\"name\":\"Hotel Medena - Trogir - Croatia\",\"description\":\"Obiteljski hotel\",\"publisher\":{\"@id\":\"https:\/\/www.hotelmedena.com\/#organization\"},\"potentialAction\":[{\"@type\":\"SearchAction\",\"target\":{\"@type\":\"EntryPoint\",\"urlTemplate\":\"https:\/\/www.hotelmedena.com\/?s={search_term_string}\"},\"query-input\":{\"@type\":\"PropertyValueSpecification\",\"valueRequired\":true,\"valueName\":\"search_term_string\"}}],\"inLanguage\":\"hr\"},{\"@type\":\"Organization\",\"@id\":\"https:\/\/www.hotelmedena.com\/#organization\",\"name\":\"Hotel Medena - Trogir - Croatia\",\"url\":\"https:\/\/www.hotelmedena.com\/\",\"logo\":{\"@type\":\"ImageObject\",\"inLanguage\":\"hr\",\"@id\":\"https:\/\/www.hotelmedena.com\/#\/schema\/logo\/image\/\",\"url\":\"https:\/\/www.hotelmedena.com\/wp-content\/uploads\/2025\/03\/cropped-hotel-logo2-1.png\",\"contentUrl\":\"https:\/\/www.hotelmedena.com\/wp-content\/uploads\/2025\/03\/cropped-hotel-logo2-1.png\",\"width\":888,\"height\":622,\"caption\":\"Hotel Medena - Trogir - Croatia\"},\"image\":{\"@id\":\"https:\/\/www.hotelmedena.com\/#\/schema\/logo\/image\/\"}},{\"@type\":\"Person\",\"@id\":\"https:\/\/www.hotelmedena.com\/#\/schema\/person\/d1f68b6b98afae7c074484304d6b0acf\",\"name\":\"A FG\",\"url\":\"https:\/\/www.hotelmedena.com\/hr\/author\/anamarija\/\"}]}<\/script>\n<!-- \/ Yoast SEO plugin. -->","yoast_head_json":{"title":"[:en]SMART SHOWERS SOON ON THE ADRIATIC BEACHES[:hr]PAMETNI TU\u0160EVI USKORO NA JADRANSKIM PLA\u017dAMA[:de]SMART DUSCHEN BALD AUF DEN ADRIATISCHEN STR\u00c4NDEN[:] - Hotel Medena - Trogir - Croatia","robots":{"index":"index","follow":"follow","max-snippet":"max-snippet:-1","max-image-preview":"max-image-preview:large","max-video-preview":"max-video-preview:-1"},"canonical":"https:\/\/www.hotelmedena.com\/hr\/2017\/02\/21\/smart-duschen-bald-auf-den-adriatischen-stranden\/","og_locale":"hr_HR","og_type":"article","og_title":"[:en]SMART SHOWERS SOON ON THE ADRIATIC BEACHES[:hr]PAMETNI TU\u0160EVI USKORO NA JADRANSKIM PLA\u017dAMA[:de]SMART DUSCHEN BALD AUF DEN ADRIATISCHEN STR\u00c4NDEN[:] - Hotel Medena - Trogir - Croatia","og_description":"[:en]Smart shower Unni offers a range of technical improvements and predicts that next year could be set up on the ... \u00bb\u00bb","og_url":"https:\/\/www.hotelmedena.com\/hr\/2017\/02\/21\/smart-duschen-bald-auf-den-adriatischen-stranden\/","og_site_name":"Hotel Medena - Trogir - Croatia","article_published_time":"2017-02-21T13:46:27+00:00","article_modified_time":"2017-03-01T13:48:32+00:00","author":"A FG","twitter_card":"summary_large_image","twitter_misc":{"Napisao\/la":"A FG","Procijenjeno vrijeme \u010ditanja":"4 minute"},"schema":{"@context":"https:\/\/schema.org","@graph":[{"@type":"Article","@id":"https:\/\/www.hotelmedena.com\/2017\/02\/21\/smart-duschen-bald-auf-den-adriatischen-stranden\/#article","isPartOf":{"@id":"https:\/\/www.hotelmedena.com\/2017\/02\/21\/smart-duschen-bald-auf-den-adriatischen-stranden\/"},"author":{"name":"A FG","@id":"https:\/\/www.hotelmedena.com\/#\/schema\/person\/d1f68b6b98afae7c074484304d6b0acf"},"headline":"[:en]SMART SHOWERS SOON ON THE ADRIATIC BEACHES[:hr]PAMETNI TU\u0160EVI USKORO NA JADRANSKIM PLA\u017dAMA[:de]SMART DUSCHEN BALD AUF DEN ADRIATISCHEN STR\u00c4NDEN[:]","datePublished":"2017-02-21T13:46:27+00:00","dateModified":"2017-03-01T13:48:32+00:00","mainEntityOfPage":{"@id":"https:\/\/www.hotelmedena.com\/2017\/02\/21\/smart-duschen-bald-auf-den-adriatischen-stranden\/"},"wordCount":782,"commentCount":0,"publisher":{"@id":"https:\/\/www.hotelmedena.com\/#organization"},"articleSection":["Glavne vijesti"],"inLanguage":"hr","potentialAction":[{"@type":"CommentAction","name":"Comment","target":["https:\/\/www.hotelmedena.com\/2017\/02\/21\/smart-duschen-bald-auf-den-adriatischen-stranden\/#respond"]}]},{"@type":"WebPage","@id":"https:\/\/www.hotelmedena.com\/2017\/02\/21\/smart-duschen-bald-auf-den-adriatischen-stranden\/","url":"https:\/\/www.hotelmedena.com\/2017\/02\/21\/smart-duschen-bald-auf-den-adriatischen-stranden\/","name":"[:en]SMART SHOWERS SOON ON THE ADRIATIC BEACHES[:hr]PAMETNI TU\u0160EVI USKORO NA JADRANSKIM PLA\u017dAMA[:de]SMART DUSCHEN BALD AUF DEN ADRIATISCHEN STR\u00c4NDEN[:] - Hotel Medena - Trogir - Croatia","isPartOf":{"@id":"https:\/\/www.hotelmedena.com\/#website"},"datePublished":"2017-02-21T13:46:27+00:00","dateModified":"2017-03-01T13:48:32+00:00","breadcrumb":{"@id":"https:\/\/www.hotelmedena.com\/2017\/02\/21\/smart-duschen-bald-auf-den-adriatischen-stranden\/#breadcrumb"},"inLanguage":"hr","potentialAction":[{"@type":"ReadAction","target":["https:\/\/www.hotelmedena.com\/2017\/02\/21\/smart-duschen-bald-auf-den-adriatischen-stranden\/"]}]},{"@type":"BreadcrumbList","@id":"https:\/\/www.hotelmedena.com\/2017\/02\/21\/smart-duschen-bald-auf-den-adriatischen-stranden\/#breadcrumb","itemListElement":[{"@type":"ListItem","position":1,"name":"Home","item":"https:\/\/www.hotelmedena.com\/"},{"@type":"ListItem","position":2,"name":"[:en]SMART SHOWERS SOON ON THE ADRIATIC BEACHES[:hr]PAMETNI TU\u0160EVI USKORO NA JADRANSKIM PLA\u017dAMA[:de]SMART DUSCHEN BALD AUF DEN ADRIATISCHEN STR\u00c4NDEN[:]"}]},{"@type":"WebSite","@id":"https:\/\/www.hotelmedena.com\/#website","url":"https:\/\/www.hotelmedena.com\/","name":"Hotel Medena - Trogir - Croatia","description":"Obiteljski hotel","publisher":{"@id":"https:\/\/www.hotelmedena.com\/#organization"},"potentialAction":[{"@type":"SearchAction","target":{"@type":"EntryPoint","urlTemplate":"https:\/\/www.hotelmedena.com\/?s={search_term_string}"},"query-input":{"@type":"PropertyValueSpecification","valueRequired":true,"valueName":"search_term_string"}}],"inLanguage":"hr"},{"@type":"Organization","@id":"https:\/\/www.hotelmedena.com\/#organization","name":"Hotel Medena - Trogir - Croatia","url":"https:\/\/www.hotelmedena.com\/","logo":{"@type":"ImageObject","inLanguage":"hr","@id":"https:\/\/www.hotelmedena.com\/#\/schema\/logo\/image\/","url":"https:\/\/www.hotelmedena.com\/wp-content\/uploads\/2025\/03\/cropped-hotel-logo2-1.png","contentUrl":"https:\/\/www.hotelmedena.com\/wp-content\/uploads\/2025\/03\/cropped-hotel-logo2-1.png","width":888,"height":622,"caption":"Hotel Medena - Trogir - Croatia"},"image":{"@id":"https:\/\/www.hotelmedena.com\/#\/schema\/logo\/image\/"}},{"@type":"Person","@id":"https:\/\/www.hotelmedena.com\/#\/schema\/person\/d1f68b6b98afae7c074484304d6b0acf","name":"A FG","url":"https:\/\/www.hotelmedena.com\/hr\/author\/anamarija\/"}]}},"_links":{"self":[{"href":"https:\/\/www.hotelmedena.com\/hr\/wp-json\/wp\/v2\/posts\/3805","targetHints":{"allow":["GET"]}}],"collection":[{"href":"https:\/\/www.hotelmedena.com\/hr\/wp-json\/wp\/v2\/posts"}],"about":[{"href":"https:\/\/www.hotelmedena.com\/hr\/wp-json\/wp\/v2\/types\/post"}],"author":[{"embeddable":true,"href":"https:\/\/www.hotelmedena.com\/hr\/wp-json\/wp\/v2\/users\/3"}],"replies":[{"embeddable":true,"href":"https:\/\/www.hotelmedena.com\/hr\/wp-json\/wp\/v2\/comments?post=3805"}],"version-history":[{"count":1,"href":"https:\/\/www.hotelmedena.com\/hr\/wp-json\/wp\/v2\/posts\/3805\/revisions"}],"predecessor-version":[{"id":3806,"href":"https:\/\/www.hotelmedena.com\/hr\/wp-json\/wp\/v2\/posts\/3805\/revisions\/3806"}],"wp:attachment":[{"href":"https:\/\/www.hotelmedena.com\/hr\/wp-json\/wp\/v2\/media?parent=3805"}],"wp:term":[{"taxonomy":"category","embeddable":true,"href":"https:\/\/www.hotelmedena.com\/hr\/wp-json\/wp\/v2\/categories?post=3805"},{"taxonomy":"post_tag","embeddable":true,"href":"https:\/\/www.hotelmedena.com\/hr\/wp-json\/wp\/v2\/tags?post=3805"}],"curies":[{"name":"wp","href":"https:\/\/api.w.org\/{rel}","templated":true}]}}