{"id":3766,"date":"2017-02-07T22:33:29","date_gmt":"2017-02-07T22:33:29","guid":{"rendered":"http:\/\/www.hotelmedena.com\/?p=3766"},"modified":"2017-02-28T22:37:03","modified_gmt":"2017-02-28T22:37:03","slug":"adria-hotel-forum-will-take-place-from-8th-9th-february-at-hotel-sheraton","status":"publish","type":"post","link":"https:\/\/www.hotelmedena.com\/hr\/2017\/02\/07\/adria-hotel-forum-will-take-place-from-8th-9th-february-at-hotel-sheraton\/","title":{"rendered":"[:en]Adria Hotel Forum will take place from 8th &#8211; 9th February at Hotel Sheraton[:hr]Adria Hotel Forum odr\u017eava se 08.-09. velja\u010de u hotelu Sheraton[:de]Das Adria Hotel Forum wird vom 8. bis 9. Februar im Hotel Sheraton stattfindet[:]"},"content":{"rendered":"<p>[:en]Adria Hotel Forum (AHF), one of the leading hotel and investment conferences in Europe will be held for the fifth time on the theme INVESTments in hotel industry: DEVELOPMENT AND BEYOND. At the conference participate global investors and vice presidents of development for Europe&#8217;s largest hotel management companies. Patrick Fitzgibbon (Hilton Worldwide) and Max Cergneux (Choice Hotels), and sector leader of hotels and resorts development Marc Finney (Colliers International) will give a review of events in the last few years and predictions for further development of the hotel industry. On the possibilities and barriers when investing in the hotel industry, will speak investors Keith Evans (Starwood Capital), Frank Reul (Orbis) and Giannis Markogiannis (Stathis Group &#8211; Aman Resort). Development of infrastructure is an important segment of tourism development, and on this topic come Ivan Ore\u010d from Eurowings and Margaret McNeil from Edinburgh Tourism Action Group, with them will be discussed how to boost air connectivity of Croatia. This year, AHF has more than 50 panelists, and come to get acquainted with investment opportunities and present examples from practice. At this year Forum will be discussed about guidelines for the development that\u00a0 Croatia and countries in the region need to implement.<\/p>\n<p>&nbsp;<\/p>\n<p>&nbsp;[:hr]<strong>Adria Hotel Forum odr\u017eava se 08.-09. velja\u010de u hotelu Sheraton <\/strong><\/p>\n<p>Adria Hotel Forum (AHF), jedna od vode\u0107ih hotelsko-investicijskih konferencija u Europi odr\u017eava se po peti put na temu INVESTments in hotel industry: DEVELOPMENT AND BEYOND. Na konferenciji gostuju globalni investitori i potpredsjednici razvoja za Europu najve\u0107ih hotelskih manad\u017ement kompanija. Patrick Fitzgibbon (Hilton Worldwide) i Max Cergneux (Choice Hotels), te voditelj sektora razvoja hotela i resorta Marc Finney (Colliers International) dati \u0107e osvrt doga\u0111anja u posljednjih nekoliko godina i predvi\u0111anja daljnjeg razvoja hotelske industrije. Na mogu\u0107nosti i prepreke pri investiranju u hotelsku industriju, osvrnut \u0107e se investitori Keith Evans (Starwood Capital), Frank Reul (Orbis) te Giannis Markogiannis (Stathis Group \u2013 Aman Resort). Razvoj infrastrukture bitan je segment razvoja turizma, te na tu temu dolaze Ivan Ore\u010d iz Eurowingsa i Margaret McNeil iz Edinburgh Tourism Action Group, s njima \u0107e se razgovarati kako poja\u010dati avio povezanost Hrvatske. Ove godine AHF broji preko 50 panelista, a dolaze kako bi se upoznali s mogu\u0107nostima za ulaganje i predstavili primjere iz prakse. Na ovogodi\u0161njem Forumu razgovarat \u0107e se o tome koje smjernice za razvoj trebaju implementirati Hrvatska i zemlje regije.<\/p>\n<p>&nbsp;<\/p>\n<p>&nbsp;<\/p>\n<p>&nbsp;<\/p>\n<p>&nbsp;<\/p>\n<p>&nbsp;<\/p>\n<p>&nbsp;[:de]Das Adria Hotel Forum (AHF), eines der f\u00fchrenden Hotel und Investitionskonferenzen in Europa wird zum f\u00fcnften Mal stattfindet INVESTments in hotel industry: DEVELOPMENT AND BEYOND. Auf der Konferenz teilnehmen globale Investoren und Vizepr\u00e4sidenten der Entwicklung f\u00fcr Europas gr\u00f6\u00dfte Hotel Management Unternehmen. Patrick Fitzgibbon (Hilton Worldwide), Max Cergneux (Choice Hotels) und Leiter der Entwicklung des Hotels und Resorts Marc Finney (Colliers International) wird einen \u00dcberblick \u00fcber Ereignisse in den letzten Jahren und Prognosen f\u00fcr die weitere Entwicklung der Hotellerie geben. Auf die M\u00f6glichkeiten und Barrieren bei der Investition in der Hotelbranche, werden die Investoren Keith Evans (Starwood Capital), Frank Reul (Orbis) und Giannis Markogiannis (Stathis Group &#8211; Aman Resort) sprechen. Die Entwicklung der Infrastruktur ist ein wichtiges Segment der Tourismusentwicklung, und zu diesem Thema kommen Ivan Ore\u010d von Eurowings und Margaret McNeil von der Edinburgh Tourism Action Group, mit ihnen wird diskutiert, wie die Luftkonnektivit\u00e4t in Kroatien gesteigert werden kann. In diesem Jahr hat die AHF mehr als 50 Diskussionsteilnehmern und kommen mit Investitionsm\u00f6glichkeiten kennen zu lernen und pr\u00e4sentieren Beispiele aus der Praxis. In diesem Jahr wird das Forum \u00fcber Leitlinien f\u00fcr die Entwicklung, die Kroatien und die L\u00e4nder in der Region umgesetzt werden.[:]<\/p>","protected":false},"excerpt":{"rendered":"<p>[:en]Adria Hotel Forum (AHF), one of the leading hotel and investment conferences in Europe will be held for the fifth <a href=\"https:\/\/www.hotelmedena.com\/hr\/2017\/02\/07\/adria-hotel-forum-will-take-place-from-8th-9th-february-at-hotel-sheraton\/#more-'\" class=\"more-link\">&#8230; \u00bb\u00bb<\/a><\/p>","protected":false},"author":3,"featured_media":0,"comment_status":"open","ping_status":"open","sticky":false,"template":"","format":"standard","meta":{"site-sidebar-layout":"default","site-content-layout":"","ast-site-content-layout":"","site-content-style":"default","site-sidebar-style":"default","ast-global-header-display":"","ast-banner-title-visibility":"","ast-main-header-display":"","ast-hfb-above-header-display":"","ast-hfb-below-header-display":"","ast-hfb-mobile-header-display":"","site-post-title":"","ast-breadcrumbs-content":"","ast-featured-img":"","footer-sml-layout":"","theme-transparent-header-meta":"","adv-header-id-meta":"","stick-header-meta":"","header-above-stick-meta":"","header-main-stick-meta":"","header-below-stick-meta":"","astra-migrate-meta-layouts":"default","ast-page-background-enabled":"default","ast-page-background-meta":{"desktop":{"background-color":"var(--ast-global-color-5)","background-image":"","background-repeat":"repeat","background-position":"center center","background-size":"auto","background-attachment":"scroll","background-type":"","background-media":"","overlay-type":"","overlay-color":"","overlay-opacity":"","overlay-gradient":""},"tablet":{"background-color":"","background-image":"","background-repeat":"repeat","background-position":"center center","background-size":"auto","background-attachment":"scroll","background-type":"","background-media":"","overlay-type":"","overlay-color":"","overlay-opacity":"","overlay-gradient":""},"mobile":{"background-color":"","background-image":"","background-repeat":"repeat","background-position":"center center","background-size":"auto","background-attachment":"scroll","background-type":"","background-media":"","overlay-type":"","overlay-color":"","overlay-opacity":"","overlay-gradient":""}},"ast-content-background-meta":{"desktop":{"background-color":"var(--ast-global-color-4)","background-image":"","background-repeat":"repeat","background-position":"center center","background-size":"auto","background-attachment":"scroll","background-type":"","background-media":"","overlay-type":"","overlay-color":"","overlay-opacity":"","overlay-gradient":""},"tablet":{"background-color":"var(--ast-global-color-4)","background-image":"","background-repeat":"repeat","background-position":"center center","background-size":"auto","background-attachment":"scroll","background-type":"","background-media":"","overlay-type":"","overlay-color":"","overlay-opacity":"","overlay-gradient":""},"mobile":{"background-color":"var(--ast-global-color-4)","background-image":"","background-repeat":"repeat","background-position":"center center","background-size":"auto","background-attachment":"scroll","background-type":"","background-media":"","overlay-type":"","overlay-color":"","overlay-opacity":"","overlay-gradient":""}},"footnotes":""},"categories":[1],"tags":[],"class_list":["post-3766","post","type-post","status-publish","format-standard","hentry","category-sve"],"yoast_head":"<!-- This site is optimized with the Yoast SEO plugin v25.1 - https:\/\/yoast.com\/wordpress\/plugins\/seo\/ -->\n<title>[:en]Adria Hotel Forum will take place from 8th - 9th February at Hotel Sheraton[:hr]Adria Hotel Forum odr\u017eava se 08.-09. velja\u010de u hotelu Sheraton[:de]Das Adria Hotel Forum wird vom 8. bis 9. Februar im Hotel Sheraton stattfindet[:] - Hotel Medena - Trogir - Croatia<\/title>\n<meta name=\"robots\" content=\"index, follow, max-snippet:-1, max-image-preview:large, max-video-preview:-1\" \/>\n<link rel=\"canonical\" href=\"https:\/\/www.hotelmedena.com\/hr\/2017\/02\/07\/adria-hotel-forum-will-take-place-from-8th-9th-february-at-hotel-sheraton\/\" \/>\n<meta property=\"og:locale\" content=\"hr_HR\" \/>\n<meta property=\"og:type\" content=\"article\" \/>\n<meta property=\"og:title\" content=\"[:en]Adria Hotel Forum will take place from 8th - 9th February at Hotel Sheraton[:hr]Adria Hotel Forum odr\u017eava se 08.-09. velja\u010de u hotelu Sheraton[:de]Das Adria Hotel Forum wird vom 8. bis 9. Februar im Hotel Sheraton stattfindet[:] - Hotel Medena - Trogir - Croatia\" \/>\n<meta property=\"og:description\" content=\"[:en]Adria Hotel Forum (AHF), one of the leading hotel and investment conferences in Europe will be held for the fifth ... \u00bb\u00bb\" \/>\n<meta property=\"og:url\" content=\"https:\/\/www.hotelmedena.com\/hr\/2017\/02\/07\/adria-hotel-forum-will-take-place-from-8th-9th-february-at-hotel-sheraton\/\" \/>\n<meta property=\"og:site_name\" content=\"Hotel Medena - Trogir - Croatia\" \/>\n<meta property=\"article:published_time\" content=\"2017-02-07T22:33:29+00:00\" \/>\n<meta property=\"article:modified_time\" content=\"2017-02-28T22:37:03+00:00\" \/>\n<meta name=\"author\" content=\"A FG\" \/>\n<meta name=\"twitter:card\" content=\"summary_large_image\" \/>\n<meta name=\"twitter:label1\" content=\"Napisao\/la\" \/>\n\t<meta name=\"twitter:data1\" content=\"A FG\" \/>\n\t<meta name=\"twitter:label2\" content=\"Procijenjeno vrijeme \u010ditanja\" \/>\n\t<meta name=\"twitter:data2\" content=\"3 minute\" \/>\n<script type=\"application\/ld+json\" class=\"yoast-schema-graph\">{\"@context\":\"https:\/\/schema.org\",\"@graph\":[{\"@type\":\"Article\",\"@id\":\"https:\/\/www.hotelmedena.com\/2017\/02\/07\/adria-hotel-forum-will-take-place-from-8th-9th-february-at-hotel-sheraton\/#article\",\"isPartOf\":{\"@id\":\"https:\/\/www.hotelmedena.com\/2017\/02\/07\/adria-hotel-forum-will-take-place-from-8th-9th-february-at-hotel-sheraton\/\"},\"author\":{\"name\":\"A FG\",\"@id\":\"https:\/\/www.hotelmedena.com\/#\/schema\/person\/d1f68b6b98afae7c074484304d6b0acf\"},\"headline\":\"[:en]Adria Hotel Forum will take place from 8th &#8211; 9th February at Hotel Sheraton[:hr]Adria Hotel Forum odr\u017eava se 08.-09. velja\u010de u hotelu Sheraton[:de]Das Adria Hotel Forum wird vom 8. bis 9. Februar im Hotel Sheraton stattfindet[:]\",\"datePublished\":\"2017-02-07T22:33:29+00:00\",\"dateModified\":\"2017-02-28T22:37:03+00:00\",\"mainEntityOfPage\":{\"@id\":\"https:\/\/www.hotelmedena.com\/2017\/02\/07\/adria-hotel-forum-will-take-place-from-8th-9th-february-at-hotel-sheraton\/\"},\"wordCount\":650,\"commentCount\":0,\"publisher\":{\"@id\":\"https:\/\/www.hotelmedena.com\/#organization\"},\"articleSection\":[\"Glavne vijesti\"],\"inLanguage\":\"hr\",\"potentialAction\":[{\"@type\":\"CommentAction\",\"name\":\"Comment\",\"target\":[\"https:\/\/www.hotelmedena.com\/2017\/02\/07\/adria-hotel-forum-will-take-place-from-8th-9th-february-at-hotel-sheraton\/#respond\"]}]},{\"@type\":\"WebPage\",\"@id\":\"https:\/\/www.hotelmedena.com\/2017\/02\/07\/adria-hotel-forum-will-take-place-from-8th-9th-february-at-hotel-sheraton\/\",\"url\":\"https:\/\/www.hotelmedena.com\/2017\/02\/07\/adria-hotel-forum-will-take-place-from-8th-9th-february-at-hotel-sheraton\/\",\"name\":\"[:en]Adria Hotel Forum will take place from 8th - 9th February at Hotel Sheraton[:hr]Adria Hotel Forum odr\u017eava se 08.-09. velja\u010de u hotelu Sheraton[:de]Das Adria Hotel Forum wird vom 8. bis 9. Februar im Hotel Sheraton stattfindet[:] - Hotel Medena - Trogir - Croatia\",\"isPartOf\":{\"@id\":\"https:\/\/www.hotelmedena.com\/#website\"},\"datePublished\":\"2017-02-07T22:33:29+00:00\",\"dateModified\":\"2017-02-28T22:37:03+00:00\",\"breadcrumb\":{\"@id\":\"https:\/\/www.hotelmedena.com\/2017\/02\/07\/adria-hotel-forum-will-take-place-from-8th-9th-february-at-hotel-sheraton\/#breadcrumb\"},\"inLanguage\":\"hr\",\"potentialAction\":[{\"@type\":\"ReadAction\",\"target\":[\"https:\/\/www.hotelmedena.com\/2017\/02\/07\/adria-hotel-forum-will-take-place-from-8th-9th-february-at-hotel-sheraton\/\"]}]},{\"@type\":\"BreadcrumbList\",\"@id\":\"https:\/\/www.hotelmedena.com\/2017\/02\/07\/adria-hotel-forum-will-take-place-from-8th-9th-february-at-hotel-sheraton\/#breadcrumb\",\"itemListElement\":[{\"@type\":\"ListItem\",\"position\":1,\"name\":\"Home\",\"item\":\"https:\/\/www.hotelmedena.com\/\"},{\"@type\":\"ListItem\",\"position\":2,\"name\":\"[:en]Adria Hotel Forum will take place from 8th &#8211; 9th February at Hotel Sheraton[:hr]Adria Hotel Forum odr\u017eava se 08.-09. velja\u010de u hotelu Sheraton[:de]Das Adria Hotel Forum wird vom 8. bis 9. Februar im Hotel Sheraton stattfindet[:]\"}]},{\"@type\":\"WebSite\",\"@id\":\"https:\/\/www.hotelmedena.com\/#website\",\"url\":\"https:\/\/www.hotelmedena.com\/\",\"name\":\"Hotel Medena - Trogir - Croatia\",\"description\":\"Obiteljski hotel\",\"publisher\":{\"@id\":\"https:\/\/www.hotelmedena.com\/#organization\"},\"potentialAction\":[{\"@type\":\"SearchAction\",\"target\":{\"@type\":\"EntryPoint\",\"urlTemplate\":\"https:\/\/www.hotelmedena.com\/?s={search_term_string}\"},\"query-input\":{\"@type\":\"PropertyValueSpecification\",\"valueRequired\":true,\"valueName\":\"search_term_string\"}}],\"inLanguage\":\"hr\"},{\"@type\":\"Organization\",\"@id\":\"https:\/\/www.hotelmedena.com\/#organization\",\"name\":\"Hotel Medena - Trogir - Croatia\",\"url\":\"https:\/\/www.hotelmedena.com\/\",\"logo\":{\"@type\":\"ImageObject\",\"inLanguage\":\"hr\",\"@id\":\"https:\/\/www.hotelmedena.com\/#\/schema\/logo\/image\/\",\"url\":\"https:\/\/www.hotelmedena.com\/wp-content\/uploads\/2025\/03\/cropped-hotel-logo2-1.png\",\"contentUrl\":\"https:\/\/www.hotelmedena.com\/wp-content\/uploads\/2025\/03\/cropped-hotel-logo2-1.png\",\"width\":888,\"height\":622,\"caption\":\"Hotel Medena - Trogir - Croatia\"},\"image\":{\"@id\":\"https:\/\/www.hotelmedena.com\/#\/schema\/logo\/image\/\"}},{\"@type\":\"Person\",\"@id\":\"https:\/\/www.hotelmedena.com\/#\/schema\/person\/d1f68b6b98afae7c074484304d6b0acf\",\"name\":\"A FG\",\"url\":\"https:\/\/www.hotelmedena.com\/hr\/author\/anamarija\/\"}]}<\/script>\n<!-- \/ Yoast SEO plugin. -->","yoast_head_json":{"title":"[:en]Adria Hotel Forum will take place from 8th - 9th February at Hotel Sheraton[:hr]Adria Hotel Forum odr\u017eava se 08.-09. velja\u010de u hotelu Sheraton[:de]Das Adria Hotel Forum wird vom 8. bis 9. Februar im Hotel Sheraton stattfindet[:] - Hotel Medena - Trogir - Croatia","robots":{"index":"index","follow":"follow","max-snippet":"max-snippet:-1","max-image-preview":"max-image-preview:large","max-video-preview":"max-video-preview:-1"},"canonical":"https:\/\/www.hotelmedena.com\/hr\/2017\/02\/07\/adria-hotel-forum-will-take-place-from-8th-9th-february-at-hotel-sheraton\/","og_locale":"hr_HR","og_type":"article","og_title":"[:en]Adria Hotel Forum will take place from 8th - 9th February at Hotel Sheraton[:hr]Adria Hotel Forum odr\u017eava se 08.-09. velja\u010de u hotelu Sheraton[:de]Das Adria Hotel Forum wird vom 8. bis 9. Februar im Hotel Sheraton stattfindet[:] - Hotel Medena - Trogir - Croatia","og_description":"[:en]Adria Hotel Forum (AHF), one of the leading hotel and investment conferences in Europe will be held for the fifth ... \u00bb\u00bb","og_url":"https:\/\/www.hotelmedena.com\/hr\/2017\/02\/07\/adria-hotel-forum-will-take-place-from-8th-9th-february-at-hotel-sheraton\/","og_site_name":"Hotel Medena - Trogir - Croatia","article_published_time":"2017-02-07T22:33:29+00:00","article_modified_time":"2017-02-28T22:37:03+00:00","author":"A FG","twitter_card":"summary_large_image","twitter_misc":{"Napisao\/la":"A FG","Procijenjeno vrijeme \u010ditanja":"3 minute"},"schema":{"@context":"https:\/\/schema.org","@graph":[{"@type":"Article","@id":"https:\/\/www.hotelmedena.com\/2017\/02\/07\/adria-hotel-forum-will-take-place-from-8th-9th-february-at-hotel-sheraton\/#article","isPartOf":{"@id":"https:\/\/www.hotelmedena.com\/2017\/02\/07\/adria-hotel-forum-will-take-place-from-8th-9th-february-at-hotel-sheraton\/"},"author":{"name":"A FG","@id":"https:\/\/www.hotelmedena.com\/#\/schema\/person\/d1f68b6b98afae7c074484304d6b0acf"},"headline":"[:en]Adria Hotel Forum will take place from 8th &#8211; 9th February at Hotel Sheraton[:hr]Adria Hotel Forum odr\u017eava se 08.-09. velja\u010de u hotelu Sheraton[:de]Das Adria Hotel Forum wird vom 8. bis 9. Februar im Hotel Sheraton stattfindet[:]","datePublished":"2017-02-07T22:33:29+00:00","dateModified":"2017-02-28T22:37:03+00:00","mainEntityOfPage":{"@id":"https:\/\/www.hotelmedena.com\/2017\/02\/07\/adria-hotel-forum-will-take-place-from-8th-9th-february-at-hotel-sheraton\/"},"wordCount":650,"commentCount":0,"publisher":{"@id":"https:\/\/www.hotelmedena.com\/#organization"},"articleSection":["Glavne vijesti"],"inLanguage":"hr","potentialAction":[{"@type":"CommentAction","name":"Comment","target":["https:\/\/www.hotelmedena.com\/2017\/02\/07\/adria-hotel-forum-will-take-place-from-8th-9th-february-at-hotel-sheraton\/#respond"]}]},{"@type":"WebPage","@id":"https:\/\/www.hotelmedena.com\/2017\/02\/07\/adria-hotel-forum-will-take-place-from-8th-9th-february-at-hotel-sheraton\/","url":"https:\/\/www.hotelmedena.com\/2017\/02\/07\/adria-hotel-forum-will-take-place-from-8th-9th-february-at-hotel-sheraton\/","name":"[:en]Adria Hotel Forum will take place from 8th - 9th February at Hotel Sheraton[:hr]Adria Hotel Forum odr\u017eava se 08.-09. velja\u010de u hotelu Sheraton[:de]Das Adria Hotel Forum wird vom 8. bis 9. Februar im Hotel Sheraton stattfindet[:] - Hotel Medena - Trogir - Croatia","isPartOf":{"@id":"https:\/\/www.hotelmedena.com\/#website"},"datePublished":"2017-02-07T22:33:29+00:00","dateModified":"2017-02-28T22:37:03+00:00","breadcrumb":{"@id":"https:\/\/www.hotelmedena.com\/2017\/02\/07\/adria-hotel-forum-will-take-place-from-8th-9th-february-at-hotel-sheraton\/#breadcrumb"},"inLanguage":"hr","potentialAction":[{"@type":"ReadAction","target":["https:\/\/www.hotelmedena.com\/2017\/02\/07\/adria-hotel-forum-will-take-place-from-8th-9th-february-at-hotel-sheraton\/"]}]},{"@type":"BreadcrumbList","@id":"https:\/\/www.hotelmedena.com\/2017\/02\/07\/adria-hotel-forum-will-take-place-from-8th-9th-february-at-hotel-sheraton\/#breadcrumb","itemListElement":[{"@type":"ListItem","position":1,"name":"Home","item":"https:\/\/www.hotelmedena.com\/"},{"@type":"ListItem","position":2,"name":"[:en]Adria Hotel Forum will take place from 8th &#8211; 9th February at Hotel Sheraton[:hr]Adria Hotel Forum odr\u017eava se 08.-09. velja\u010de u hotelu Sheraton[:de]Das Adria Hotel Forum wird vom 8. bis 9. Februar im Hotel Sheraton stattfindet[:]"}]},{"@type":"WebSite","@id":"https:\/\/www.hotelmedena.com\/#website","url":"https:\/\/www.hotelmedena.com\/","name":"Hotel Medena - Trogir - Croatia","description":"Obiteljski hotel","publisher":{"@id":"https:\/\/www.hotelmedena.com\/#organization"},"potentialAction":[{"@type":"SearchAction","target":{"@type":"EntryPoint","urlTemplate":"https:\/\/www.hotelmedena.com\/?s={search_term_string}"},"query-input":{"@type":"PropertyValueSpecification","valueRequired":true,"valueName":"search_term_string"}}],"inLanguage":"hr"},{"@type":"Organization","@id":"https:\/\/www.hotelmedena.com\/#organization","name":"Hotel Medena - Trogir - Croatia","url":"https:\/\/www.hotelmedena.com\/","logo":{"@type":"ImageObject","inLanguage":"hr","@id":"https:\/\/www.hotelmedena.com\/#\/schema\/logo\/image\/","url":"https:\/\/www.hotelmedena.com\/wp-content\/uploads\/2025\/03\/cropped-hotel-logo2-1.png","contentUrl":"https:\/\/www.hotelmedena.com\/wp-content\/uploads\/2025\/03\/cropped-hotel-logo2-1.png","width":888,"height":622,"caption":"Hotel Medena - Trogir - Croatia"},"image":{"@id":"https:\/\/www.hotelmedena.com\/#\/schema\/logo\/image\/"}},{"@type":"Person","@id":"https:\/\/www.hotelmedena.com\/#\/schema\/person\/d1f68b6b98afae7c074484304d6b0acf","name":"A FG","url":"https:\/\/www.hotelmedena.com\/hr\/author\/anamarija\/"}]}},"_links":{"self":[{"href":"https:\/\/www.hotelmedena.com\/hr\/wp-json\/wp\/v2\/posts\/3766","targetHints":{"allow":["GET"]}}],"collection":[{"href":"https:\/\/www.hotelmedena.com\/hr\/wp-json\/wp\/v2\/posts"}],"about":[{"href":"https:\/\/www.hotelmedena.com\/hr\/wp-json\/wp\/v2\/types\/post"}],"author":[{"embeddable":true,"href":"https:\/\/www.hotelmedena.com\/hr\/wp-json\/wp\/v2\/users\/3"}],"replies":[{"embeddable":true,"href":"https:\/\/www.hotelmedena.com\/hr\/wp-json\/wp\/v2\/comments?post=3766"}],"version-history":[{"count":1,"href":"https:\/\/www.hotelmedena.com\/hr\/wp-json\/wp\/v2\/posts\/3766\/revisions"}],"predecessor-version":[{"id":3767,"href":"https:\/\/www.hotelmedena.com\/hr\/wp-json\/wp\/v2\/posts\/3766\/revisions\/3767"}],"wp:attachment":[{"href":"https:\/\/www.hotelmedena.com\/hr\/wp-json\/wp\/v2\/media?parent=3766"}],"wp:term":[{"taxonomy":"category","embeddable":true,"href":"https:\/\/www.hotelmedena.com\/hr\/wp-json\/wp\/v2\/categories?post=3766"},{"taxonomy":"post_tag","embeddable":true,"href":"https:\/\/www.hotelmedena.com\/hr\/wp-json\/wp\/v2\/tags?post=3766"}],"curies":[{"name":"wp","href":"https:\/\/api.w.org\/{rel}","templated":true}]}}