{"id":3623,"date":"2016-12-27T18:44:48","date_gmt":"2016-12-27T18:44:48","guid":{"rendered":"http:\/\/www.hotelmedena.com\/?p=3623"},"modified":"2017-02-21T18:46:11","modified_gmt":"2017-02-21T18:46:11","slug":"elektrisches-fahrrad-ef01","status":"publish","type":"post","link":"https:\/\/www.hotelmedena.com\/hr\/2016\/12\/27\/elektrisches-fahrrad-ef01\/","title":{"rendered":"[:en]Electric bike eF01[:hr]Elektri\u010dni bicikl eF01[:de]Elektrisches Fahrrad eF01[:]"},"content":{"rendered":"<p>[:en]Before dedication to the cars, Peugeot was producing bicycles, as well as all other car producers. On the containers for salt and pepper dominated the symbol of the lion, the promotion of ecological alternatives of car transportation, confirmed that besides the tradition, Peugeot is investing also in the future. Electric bike eF01 is the latest member of the offer. Maximum speed of bicycle is 20 km \/ h, and is powered by a lithium-ion battery that is sufficient to exceed 30 km. The bike weighs 17 kg, and for the folding is necessary 10 seconds. An additional advantage is the memory system that automatically adjusts the desired seat height.<\/p>\n<p>&nbsp;<\/p>\n<p>&nbsp;[:hr]Prije nego se posvetio automobilima, Peugeot je proizvodio bicikle, kao i svi drugi proizvo\u0111a\u010di automobila. Na posudama za sol i papar dominirao je simbol lava, a promocija ekolo\u0161ke alternative automobilskog prijevoza, potvrdila je da osim tradicije Peugeot ula\u017ee i u budu\u0107nost. Elektri\u010dni bicikl eF01 najnoviji je \u010dlan ponude. Najve\u0107a brzina bicikla iznosi 20 km\/h, a napaja ga litij-ionska baterija koja je dovoljna za prije\u0107i 30 km. Bicikl je te\u017eak 17 kg, a za sklapanje je potrebno 10 sekundi.\u00a0 Dodatna pogodnost je memorijski sustav koji automatski pode\u0161ava \u017eeljenu visinu sjedala.<\/p>\n<p>&nbsp;<\/p>\n<p>&nbsp;[:de]Vor der Hingabe an die Autos, hat Peugeot die Fahrr\u00e4der produziert, sowie alle anderen Automobilhersteller. Auf den Beh\u00e4ltern f\u00fcr Salz und Pfeffer dominiert das Symbol des L\u00f6wen, die F\u00f6rderung der \u00f6kologischen Alternativen des Autotransports, best\u00e4tigt, dass neben der Tradition, Peugeot investiert auch in die Zukunft. Elektrofahrrad eF01 ist das neueste Mitglied des Angebots. Die H\u00f6chstgeschwindigkeit des Fahrrad ist 20 km \/ h, und wird durch eine Lithium-Ionen-Batterie versorgt, die ausreicht, um mehr als 30 km zu \u00fcberschreitet. Das Fahrrad wiegt 17 kg, und f\u00fcr die Faltung, 10 Sekunden notwendig ist. Ein zus\u00e4tzlicher Vorteil ist das Speichersystem, das automatisch die gew\u00fcnschte Sitzh\u00f6he einstellt.[:]<\/p>","protected":false},"excerpt":{"rendered":"<p>[:en]Before dedication to the cars, Peugeot was producing bicycles, as well as all other car producers. On the containers for <a href=\"https:\/\/www.hotelmedena.com\/hr\/2016\/12\/27\/elektrisches-fahrrad-ef01\/#more-'\" class=\"more-link\">&#8230; \u00bb\u00bb<\/a><\/p>","protected":false},"author":3,"featured_media":0,"comment_status":"open","ping_status":"open","sticky":false,"template":"","format":"standard","meta":{"site-sidebar-layout":"default","site-content-layout":"","ast-site-content-layout":"","site-content-style":"default","site-sidebar-style":"default","ast-global-header-display":"","ast-banner-title-visibility":"","ast-main-header-display":"","ast-hfb-above-header-display":"","ast-hfb-below-header-display":"","ast-hfb-mobile-header-display":"","site-post-title":"","ast-breadcrumbs-content":"","ast-featured-img":"","footer-sml-layout":"","theme-transparent-header-meta":"","adv-header-id-meta":"","stick-header-meta":"","header-above-stick-meta":"","header-main-stick-meta":"","header-below-stick-meta":"","astra-migrate-meta-layouts":"default","ast-page-background-enabled":"default","ast-page-background-meta":{"desktop":{"background-color":"var(--ast-global-color-5)","background-image":"","background-repeat":"repeat","background-position":"center center","background-size":"auto","background-attachment":"scroll","background-type":"","background-media":"","overlay-type":"","overlay-color":"","overlay-opacity":"","overlay-gradient":""},"tablet":{"background-color":"","background-image":"","background-repeat":"repeat","background-position":"center center","background-size":"auto","background-attachment":"scroll","background-type":"","background-media":"","overlay-type":"","overlay-color":"","overlay-opacity":"","overlay-gradient":""},"mobile":{"background-color":"","background-image":"","background-repeat":"repeat","background-position":"center center","background-size":"auto","background-attachment":"scroll","background-type":"","background-media":"","overlay-type":"","overlay-color":"","overlay-opacity":"","overlay-gradient":""}},"ast-content-background-meta":{"desktop":{"background-color":"var(--ast-global-color-4)","background-image":"","background-repeat":"repeat","background-position":"center center","background-size":"auto","background-attachment":"scroll","background-type":"","background-media":"","overlay-type":"","overlay-color":"","overlay-opacity":"","overlay-gradient":""},"tablet":{"background-color":"var(--ast-global-color-4)","background-image":"","background-repeat":"repeat","background-position":"center center","background-size":"auto","background-attachment":"scroll","background-type":"","background-media":"","overlay-type":"","overlay-color":"","overlay-opacity":"","overlay-gradient":""},"mobile":{"background-color":"var(--ast-global-color-4)","background-image":"","background-repeat":"repeat","background-position":"center center","background-size":"auto","background-attachment":"scroll","background-type":"","background-media":"","overlay-type":"","overlay-color":"","overlay-opacity":"","overlay-gradient":""}},"footnotes":""},"categories":[1],"tags":[],"class_list":["post-3623","post","type-post","status-publish","format-standard","hentry","category-sve"],"yoast_head":"<!-- This site is optimized with the Yoast SEO plugin v25.1 - https:\/\/yoast.com\/wordpress\/plugins\/seo\/ -->\n<title>[:en]Electric bike eF01[:hr]Elektri\u010dni bicikl eF01[:de]Elektrisches Fahrrad eF01[:] - Hotel Medena - Trogir - Croatia<\/title>\n<meta name=\"robots\" content=\"index, follow, max-snippet:-1, max-image-preview:large, max-video-preview:-1\" \/>\n<link rel=\"canonical\" href=\"https:\/\/www.hotelmedena.com\/hr\/2016\/12\/27\/elektrisches-fahrrad-ef01\/\" \/>\n<meta property=\"og:locale\" content=\"hr_HR\" \/>\n<meta property=\"og:type\" content=\"article\" \/>\n<meta property=\"og:title\" content=\"[:en]Electric bike eF01[:hr]Elektri\u010dni bicikl eF01[:de]Elektrisches Fahrrad eF01[:] - Hotel Medena - Trogir - Croatia\" \/>\n<meta property=\"og:description\" content=\"[:en]Before dedication to the cars, Peugeot was producing bicycles, as well as all other car producers. On the containers for ... \u00bb\u00bb\" \/>\n<meta property=\"og:url\" content=\"https:\/\/www.hotelmedena.com\/hr\/2016\/12\/27\/elektrisches-fahrrad-ef01\/\" \/>\n<meta property=\"og:site_name\" content=\"Hotel Medena - Trogir - Croatia\" \/>\n<meta property=\"article:published_time\" content=\"2016-12-27T18:44:48+00:00\" \/>\n<meta property=\"article:modified_time\" content=\"2017-02-21T18:46:11+00:00\" \/>\n<meta name=\"author\" content=\"A FG\" \/>\n<meta name=\"twitter:card\" content=\"summary_large_image\" \/>\n<meta name=\"twitter:label1\" content=\"Napisao\/la\" \/>\n\t<meta name=\"twitter:data1\" content=\"A FG\" \/>\n\t<meta name=\"twitter:label2\" content=\"Procijenjeno vrijeme \u010ditanja\" \/>\n\t<meta name=\"twitter:data2\" content=\"2 minute\" \/>\n<script type=\"application\/ld+json\" class=\"yoast-schema-graph\">{\"@context\":\"https:\/\/schema.org\",\"@graph\":[{\"@type\":\"Article\",\"@id\":\"https:\/\/www.hotelmedena.com\/2016\/12\/27\/elektrisches-fahrrad-ef01\/#article\",\"isPartOf\":{\"@id\":\"https:\/\/www.hotelmedena.com\/2016\/12\/27\/elektrisches-fahrrad-ef01\/\"},\"author\":{\"name\":\"A FG\",\"@id\":\"https:\/\/www.hotelmedena.com\/#\/schema\/person\/d1f68b6b98afae7c074484304d6b0acf\"},\"headline\":\"[:en]Electric bike eF01[:hr]Elektri\u010dni bicikl eF01[:de]Elektrisches Fahrrad eF01[:]\",\"datePublished\":\"2016-12-27T18:44:48+00:00\",\"dateModified\":\"2017-02-21T18:46:11+00:00\",\"mainEntityOfPage\":{\"@id\":\"https:\/\/www.hotelmedena.com\/2016\/12\/27\/elektrisches-fahrrad-ef01\/\"},\"wordCount\":328,\"commentCount\":0,\"publisher\":{\"@id\":\"https:\/\/www.hotelmedena.com\/#organization\"},\"articleSection\":[\"Glavne vijesti\"],\"inLanguage\":\"hr\",\"potentialAction\":[{\"@type\":\"CommentAction\",\"name\":\"Comment\",\"target\":[\"https:\/\/www.hotelmedena.com\/2016\/12\/27\/elektrisches-fahrrad-ef01\/#respond\"]}]},{\"@type\":\"WebPage\",\"@id\":\"https:\/\/www.hotelmedena.com\/2016\/12\/27\/elektrisches-fahrrad-ef01\/\",\"url\":\"https:\/\/www.hotelmedena.com\/2016\/12\/27\/elektrisches-fahrrad-ef01\/\",\"name\":\"[:en]Electric bike eF01[:hr]Elektri\u010dni bicikl eF01[:de]Elektrisches Fahrrad eF01[:] - Hotel Medena - Trogir - Croatia\",\"isPartOf\":{\"@id\":\"https:\/\/www.hotelmedena.com\/#website\"},\"datePublished\":\"2016-12-27T18:44:48+00:00\",\"dateModified\":\"2017-02-21T18:46:11+00:00\",\"breadcrumb\":{\"@id\":\"https:\/\/www.hotelmedena.com\/2016\/12\/27\/elektrisches-fahrrad-ef01\/#breadcrumb\"},\"inLanguage\":\"hr\",\"potentialAction\":[{\"@type\":\"ReadAction\",\"target\":[\"https:\/\/www.hotelmedena.com\/2016\/12\/27\/elektrisches-fahrrad-ef01\/\"]}]},{\"@type\":\"BreadcrumbList\",\"@id\":\"https:\/\/www.hotelmedena.com\/2016\/12\/27\/elektrisches-fahrrad-ef01\/#breadcrumb\",\"itemListElement\":[{\"@type\":\"ListItem\",\"position\":1,\"name\":\"Home\",\"item\":\"https:\/\/www.hotelmedena.com\/\"},{\"@type\":\"ListItem\",\"position\":2,\"name\":\"[:en]Electric bike eF01[:hr]Elektri\u010dni bicikl eF01[:de]Elektrisches Fahrrad eF01[:]\"}]},{\"@type\":\"WebSite\",\"@id\":\"https:\/\/www.hotelmedena.com\/#website\",\"url\":\"https:\/\/www.hotelmedena.com\/\",\"name\":\"Hotel Medena - Trogir - Croatia\",\"description\":\"Obiteljski hotel\",\"publisher\":{\"@id\":\"https:\/\/www.hotelmedena.com\/#organization\"},\"potentialAction\":[{\"@type\":\"SearchAction\",\"target\":{\"@type\":\"EntryPoint\",\"urlTemplate\":\"https:\/\/www.hotelmedena.com\/?s={search_term_string}\"},\"query-input\":{\"@type\":\"PropertyValueSpecification\",\"valueRequired\":true,\"valueName\":\"search_term_string\"}}],\"inLanguage\":\"hr\"},{\"@type\":\"Organization\",\"@id\":\"https:\/\/www.hotelmedena.com\/#organization\",\"name\":\"Hotel Medena - Trogir - Croatia\",\"url\":\"https:\/\/www.hotelmedena.com\/\",\"logo\":{\"@type\":\"ImageObject\",\"inLanguage\":\"hr\",\"@id\":\"https:\/\/www.hotelmedena.com\/#\/schema\/logo\/image\/\",\"url\":\"https:\/\/www.hotelmedena.com\/wp-content\/uploads\/2025\/03\/cropped-hotel-logo2-1.png\",\"contentUrl\":\"https:\/\/www.hotelmedena.com\/wp-content\/uploads\/2025\/03\/cropped-hotel-logo2-1.png\",\"width\":888,\"height\":622,\"caption\":\"Hotel Medena - Trogir - Croatia\"},\"image\":{\"@id\":\"https:\/\/www.hotelmedena.com\/#\/schema\/logo\/image\/\"}},{\"@type\":\"Person\",\"@id\":\"https:\/\/www.hotelmedena.com\/#\/schema\/person\/d1f68b6b98afae7c074484304d6b0acf\",\"name\":\"A FG\",\"url\":\"https:\/\/www.hotelmedena.com\/hr\/author\/anamarija\/\"}]}<\/script>\n<!-- \/ Yoast SEO plugin. -->","yoast_head_json":{"title":"[:en]Electric bike eF01[:hr]Elektri\u010dni bicikl eF01[:de]Elektrisches Fahrrad eF01[:] - Hotel Medena - Trogir - Croatia","robots":{"index":"index","follow":"follow","max-snippet":"max-snippet:-1","max-image-preview":"max-image-preview:large","max-video-preview":"max-video-preview:-1"},"canonical":"https:\/\/www.hotelmedena.com\/hr\/2016\/12\/27\/elektrisches-fahrrad-ef01\/","og_locale":"hr_HR","og_type":"article","og_title":"[:en]Electric bike eF01[:hr]Elektri\u010dni bicikl eF01[:de]Elektrisches Fahrrad eF01[:] - Hotel Medena - Trogir - Croatia","og_description":"[:en]Before dedication to the cars, Peugeot was producing bicycles, as well as all other car producers. On the containers for ... \u00bb\u00bb","og_url":"https:\/\/www.hotelmedena.com\/hr\/2016\/12\/27\/elektrisches-fahrrad-ef01\/","og_site_name":"Hotel Medena - Trogir - Croatia","article_published_time":"2016-12-27T18:44:48+00:00","article_modified_time":"2017-02-21T18:46:11+00:00","author":"A FG","twitter_card":"summary_large_image","twitter_misc":{"Napisao\/la":"A FG","Procijenjeno vrijeme \u010ditanja":"2 minute"},"schema":{"@context":"https:\/\/schema.org","@graph":[{"@type":"Article","@id":"https:\/\/www.hotelmedena.com\/2016\/12\/27\/elektrisches-fahrrad-ef01\/#article","isPartOf":{"@id":"https:\/\/www.hotelmedena.com\/2016\/12\/27\/elektrisches-fahrrad-ef01\/"},"author":{"name":"A FG","@id":"https:\/\/www.hotelmedena.com\/#\/schema\/person\/d1f68b6b98afae7c074484304d6b0acf"},"headline":"[:en]Electric bike eF01[:hr]Elektri\u010dni bicikl eF01[:de]Elektrisches Fahrrad eF01[:]","datePublished":"2016-12-27T18:44:48+00:00","dateModified":"2017-02-21T18:46:11+00:00","mainEntityOfPage":{"@id":"https:\/\/www.hotelmedena.com\/2016\/12\/27\/elektrisches-fahrrad-ef01\/"},"wordCount":328,"commentCount":0,"publisher":{"@id":"https:\/\/www.hotelmedena.com\/#organization"},"articleSection":["Glavne vijesti"],"inLanguage":"hr","potentialAction":[{"@type":"CommentAction","name":"Comment","target":["https:\/\/www.hotelmedena.com\/2016\/12\/27\/elektrisches-fahrrad-ef01\/#respond"]}]},{"@type":"WebPage","@id":"https:\/\/www.hotelmedena.com\/2016\/12\/27\/elektrisches-fahrrad-ef01\/","url":"https:\/\/www.hotelmedena.com\/2016\/12\/27\/elektrisches-fahrrad-ef01\/","name":"[:en]Electric bike eF01[:hr]Elektri\u010dni bicikl eF01[:de]Elektrisches Fahrrad eF01[:] - Hotel Medena - Trogir - Croatia","isPartOf":{"@id":"https:\/\/www.hotelmedena.com\/#website"},"datePublished":"2016-12-27T18:44:48+00:00","dateModified":"2017-02-21T18:46:11+00:00","breadcrumb":{"@id":"https:\/\/www.hotelmedena.com\/2016\/12\/27\/elektrisches-fahrrad-ef01\/#breadcrumb"},"inLanguage":"hr","potentialAction":[{"@type":"ReadAction","target":["https:\/\/www.hotelmedena.com\/2016\/12\/27\/elektrisches-fahrrad-ef01\/"]}]},{"@type":"BreadcrumbList","@id":"https:\/\/www.hotelmedena.com\/2016\/12\/27\/elektrisches-fahrrad-ef01\/#breadcrumb","itemListElement":[{"@type":"ListItem","position":1,"name":"Home","item":"https:\/\/www.hotelmedena.com\/"},{"@type":"ListItem","position":2,"name":"[:en]Electric bike eF01[:hr]Elektri\u010dni bicikl eF01[:de]Elektrisches Fahrrad eF01[:]"}]},{"@type":"WebSite","@id":"https:\/\/www.hotelmedena.com\/#website","url":"https:\/\/www.hotelmedena.com\/","name":"Hotel Medena - Trogir - Croatia","description":"Obiteljski hotel","publisher":{"@id":"https:\/\/www.hotelmedena.com\/#organization"},"potentialAction":[{"@type":"SearchAction","target":{"@type":"EntryPoint","urlTemplate":"https:\/\/www.hotelmedena.com\/?s={search_term_string}"},"query-input":{"@type":"PropertyValueSpecification","valueRequired":true,"valueName":"search_term_string"}}],"inLanguage":"hr"},{"@type":"Organization","@id":"https:\/\/www.hotelmedena.com\/#organization","name":"Hotel Medena - Trogir - Croatia","url":"https:\/\/www.hotelmedena.com\/","logo":{"@type":"ImageObject","inLanguage":"hr","@id":"https:\/\/www.hotelmedena.com\/#\/schema\/logo\/image\/","url":"https:\/\/www.hotelmedena.com\/wp-content\/uploads\/2025\/03\/cropped-hotel-logo2-1.png","contentUrl":"https:\/\/www.hotelmedena.com\/wp-content\/uploads\/2025\/03\/cropped-hotel-logo2-1.png","width":888,"height":622,"caption":"Hotel Medena - Trogir - Croatia"},"image":{"@id":"https:\/\/www.hotelmedena.com\/#\/schema\/logo\/image\/"}},{"@type":"Person","@id":"https:\/\/www.hotelmedena.com\/#\/schema\/person\/d1f68b6b98afae7c074484304d6b0acf","name":"A FG","url":"https:\/\/www.hotelmedena.com\/hr\/author\/anamarija\/"}]}},"_links":{"self":[{"href":"https:\/\/www.hotelmedena.com\/hr\/wp-json\/wp\/v2\/posts\/3623","targetHints":{"allow":["GET"]}}],"collection":[{"href":"https:\/\/www.hotelmedena.com\/hr\/wp-json\/wp\/v2\/posts"}],"about":[{"href":"https:\/\/www.hotelmedena.com\/hr\/wp-json\/wp\/v2\/types\/post"}],"author":[{"embeddable":true,"href":"https:\/\/www.hotelmedena.com\/hr\/wp-json\/wp\/v2\/users\/3"}],"replies":[{"embeddable":true,"href":"https:\/\/www.hotelmedena.com\/hr\/wp-json\/wp\/v2\/comments?post=3623"}],"version-history":[{"count":1,"href":"https:\/\/www.hotelmedena.com\/hr\/wp-json\/wp\/v2\/posts\/3623\/revisions"}],"predecessor-version":[{"id":3624,"href":"https:\/\/www.hotelmedena.com\/hr\/wp-json\/wp\/v2\/posts\/3623\/revisions\/3624"}],"wp:attachment":[{"href":"https:\/\/www.hotelmedena.com\/hr\/wp-json\/wp\/v2\/media?parent=3623"}],"wp:term":[{"taxonomy":"category","embeddable":true,"href":"https:\/\/www.hotelmedena.com\/hr\/wp-json\/wp\/v2\/categories?post=3623"},{"taxonomy":"post_tag","embeddable":true,"href":"https:\/\/www.hotelmedena.com\/hr\/wp-json\/wp\/v2\/tags?post=3623"}],"curies":[{"name":"wp","href":"https:\/\/api.w.org\/{rel}","templated":true}]}}