{"id":3339,"date":"2016-10-20T12:19:33","date_gmt":"2016-10-20T12:19:33","guid":{"rendered":"http:\/\/www.hotelmedena.com\/?p=3339"},"modified":"2016-12-27T12:21:58","modified_gmt":"2016-12-27T12:21:58","slug":"fair-of-energy-efficiency","status":"publish","type":"post","link":"https:\/\/www.hotelmedena.com\/hr\/2016\/10\/20\/fair-of-energy-efficiency\/","title":{"rendered":"[:en]FAIR OF ENERGY EFFICIENCY[:hr]SAJAM ENERGETSKE U\u010cINKOVITOSTI[:de]MESSE DER ENERGIEEFFIZIENZ[:]"},"content":{"rendered":"<p>[:en]In the 5th \u201eWeek of the energy efficiency\u201c on 1 October 2016. in Zadar was held \u201eFair of Energy Efficiency and Renewable Energy\u201c, which recorded a record number of exhibitors. Twenty-two exhibitors from all over the Croatia presented on Zadar Forum the latest in the field of green technologies such as low-energy windows, solar showers, lamps, benches and calls for cyclists to infrared heating, pellets and solar panels as an ecological way of heating.<\/p>\n<p>Croatia has seen positive effects in the energy sector because we have homemade and healthy energy that can meet the needs of the whole country and for export, and citizens today are more informed.<\/p>\n<p>One of the exhibitors was Energo Mobil who is currently working on closed bus station with air conditioning for Dubai, and the public already met their work through solar benches. Great attention of visitors attracted the electric vehicles of vocational school Vice Vlatkovi\u0107 from Zadar. But despite the fact that electric vehicles are the veichels of future, in Zadar were registered only five. The \u00a0problem seems to be a set of batteries of limited life and an insufficient number of quick filling station.<\/p>\n<p>\u010cisto\u0107a d.o.o. Zadar presented also their electric vehicles, so-called vacuum cleaners and vehicles for collecting paper. \u010cisto\u0107a systematically conducts education of citizens on waste management.<\/p>\n<p>As one of the most significant projects in Zadar was energy reconstruction of the sports center Vi\u0161njik in which a boiler went from oil to gas, while on the roof of an indoor swimming pool were installed solars. Thus, the annual energy costs reduced from 4 to 2.5 million Kuna. From 2010th to 2016th The city co-financed the installation of 59 solar systems, 47 projects to increase the thermal protection of the outer shell and \/ or replacement of windows and seven projects procurement and installation of the boiler on wood biomass.<\/p>\n<p>Thanks to Zadar County Fair had a social component: for pensioners and recipients of social assistance was provided a humanitarian division of LED bulb and diffusers.<\/p>\n<p>The fair was organized by the City of Zadar, and with <u>gradimozadar.hr<\/u> Internet portal as co-organizer.[:hr]U <span>\u00a0<\/span>sklopu 5. Tjedna energetske u\u010dinkovitosti<span>\u00a01. listopada 2016. godine u Zadru odr\u017eao se S<\/span>ajam energetske u\u010dinkovitosti i obnovljivih izvora energije <span>koji je zabilje\u017eio rekordan broj izlaga\u010da. <\/span>Dvadeset i dva izlaga\u010da iz cijele Hrvatske na zadarskom Forumu predstavili su novitete iz podru\u010dja zelenih tehnologija poput niskoenergetskih prozora, solarnih tu\u0161eva, lampi, klupa i stanica za bicikliste do infracrvenog grijanja, peleta i solarnih panela kao ekolo\u0161kih na\u010dina grijanja.<\/p>\n<p>U Hrvatskoj su vidljivi pozitivni u\u010dinci na podru\u010dju energetike jer imamo doma\u0107e i zdrave energente koji mogu \u00a0zadovoljiti potrebe cijele zemlje i za izvoz, a danas su gra\u0111ani sve vi\u0161e informirani.<\/p>\n<p>Jedan od izlaga\u010da bio je i Energo Mobil koji za Dubai radi autobusne stanice zatvorenog tipa s klimom, a javnost ih je ve\u0107 upoznala kroz solarne klupe. Veliku pa\u017enju posjetitelja privla\u010dila su elektri\u010dna vozila Strukovne \u0161kole Vice Vlatkovi\u0107 iz Zadra. No unato\u010d \u010dinjenici da se radi o vozilima budu\u0107nosti, u Zadru ih je registrirano samo pet, a problem predstavljaju skupe baterije ograni\u010denog vijeka trajanja i nedovoljan broj brzih punionica.<\/p>\n<p>Svoja elektri\u010dna vozila, tzv. usisiva\u010de i vozila za sakupljanje papira, predstavila je i zadarska \u010cisto\u0107a, jedan od redovitih izlaga\u010da na Sajmu.\u00a0\u010cisto\u0107a sustavno provodi edukaciju gra\u0111ana o\u00a0 gospodarenju otpadom.<\/p>\n<p>Kao jedan od zna\u010dajnijih projekata u Zadru energetsku obnovu \u0160portskog centra Vi\u0161njik u sklopu kojeg je kotlovnica pre\u0161la s nafte na plin, dok su na krovu \u00a0zatvorenog plivali\u0161ta postavljeni solari. Time su godi\u0161nji tro\u0161kovi potro\u0161nje energije smanjeni s 4 milijuna na 2,5 milijuna kuna. Od 2010. do 2016. Grad je sufinancirao ugradnju 59 solarnih sustava, 47 projekata pove\u0107anja toplinske za\u0161tite vanjske ovojnice i\/ili zamjene stolarije te sedam projekata nabave i ugradnje kotla na drvnu biomasu.<\/p>\n<p>Zahvaljuju\u0107i Zadarskoj \u017eupaniji, Sajam je imao i socijalnu komponentu: za umirovljenike i primatelje socijalne pomo\u0107i osigurana je humanitarna podjela LED \u017earulja i perlatora.<\/p>\n<p>&nbsp;<\/p>\n<p>Sajam je odr\u017ean u organizaciji Grada Zadra, te uz <u>gradimozadar.hr<\/u> kao suorganizatorom.<\/p>\n<p>&nbsp;[:de]In der f\u00fcnften &#8220;Woche der Energieeffizienz &#8221; am 1. Oktober 2016. in Zadar ist &#8220;Messe f\u00fcr Energieeffizienz und erneuerbare Energie&#8221; stattgefinden, die eine Rekordzahl von Ausstellern aufgezeichnet. Zweiundzwanzig Aussteller aus ganzen Kroatien\u00a0 auf Zadar Forum haben die Neuheite im Bereich der gr\u00fcnen Technologien wie Niedrigenergiefenster, Solarduschen, Lampen, B\u00e4nke und Zellen f\u00fcr Radfahrer zu Infrarotheizung, Pellets und Sonnenkollektoren als \u00f6kologische Art des Heizens pr\u00e4sentiert.<\/p>\n<p>In Kroatien sind positive Effekte im Energiesektor ersichtlich, weil wir selbst gemachte und gesunde Energie haben, die die Bed\u00fcrfnisse des ganzen Landes gerecht werden kann und auch f\u00fcr den Export, aber die B\u00fcrger heute sind mehr informiert.<\/p>\n<p>&nbsp;<\/p>\n<p>Einer der Aussteller war auch Energo Mobil die f\u00fcr Dubai die Bushaltestelle geschlossenen Bauart mit Klima arbeitet, und das Publikum hatten sie schon durch Solarb\u00e4nke getroffen. Gro\u00dfe Aufmerksamkeit der Besucher haben die Elektrofahrzeuge der Berufsschule Vice Vlatkovi\u0107 von Zadar angezogen. Doch trotz der Tatsache, dass es sich um ein Fahrzeug der Zukunft gibt, in Zadar sind nur f\u00fcnf registriert, aber das Problem sind teure Batterien begrenzte Lebensdauer und eine unzureichende Anzahl von schnellen Abf\u00fcllern.<\/p>\n<p>Ihre Elektrofahrzeugen sogenannt die Hoover und Fahrzeuge f\u00fcr die Papier Sammlung, stellte Zadar Sauberkeit, einer der Stammaussteller auf der Messe. Sauberkeit f\u00fchrt systematisch Erziehung der B\u00fcrger \u00fcber die Abfallentsorgung.<\/p>\n<p>Als eines der wichtigsten Projekte in Zadar, Energie Rekonstruktion des Sportzentrums Vi\u0161njik, in dem ein Heizkessels von \u00d6l auf Gas ging, w\u00e4hrend auf dem Dach eines Hallenbad Solaren installiert\u00a0 sind. Damit die j\u00e4hrlichen Kosten f\u00fcr den Energieverbrauch sind vom 4 Millionen auf 2,5 Millionen reduziert. Von 2010.\u00a0 bis\u00a0 2016. die Stadt\u00a0 ist die Installation von 59 Solaranlagen, 47 Projekten den thermischen Schutz der Au\u00dfenschale Erh\u00f6hung und \/ oder Austausch von Fenstern und sieben Projekte den Beschaffung und Installation des Kessels auf Holzbiomasse mitfinanziert.<\/p>\n<p>Dank der Zadar County, die Messe hatte eine soziale Komponente: f\u00fcr Rentner und Empf\u00e4nger der Sozialhilfe zur Verf\u00fcgung haben humanit\u00e4ren Abteilung von LED-Lampe und Diffusoren gestellt.<\/p>\n<p>Der Messe war von der Stadt Zadar organisiert und mit <span>Internet-Portal<\/span><u> \u00a0<\/u><u>gradimozadar.hr<\/u> als Co-Veranstalter.[:]<\/p>","protected":false},"excerpt":{"rendered":"<p>[:en]In the 5th \u201eWeek of the energy efficiency\u201c on 1 October 2016. in Zadar was held \u201eFair of Energy Efficiency <a href=\"https:\/\/www.hotelmedena.com\/hr\/2016\/10\/20\/fair-of-energy-efficiency\/#more-'\" class=\"more-link\">&#8230; \u00bb\u00bb<\/a><\/p>","protected":false},"author":3,"featured_media":0,"comment_status":"open","ping_status":"open","sticky":false,"template":"","format":"standard","meta":{"site-sidebar-layout":"default","site-content-layout":"","ast-site-content-layout":"","site-content-style":"default","site-sidebar-style":"default","ast-global-header-display":"","ast-banner-title-visibility":"","ast-main-header-display":"","ast-hfb-above-header-display":"","ast-hfb-below-header-display":"","ast-hfb-mobile-header-display":"","site-post-title":"","ast-breadcrumbs-content":"","ast-featured-img":"","footer-sml-layout":"","theme-transparent-header-meta":"","adv-header-id-meta":"","stick-header-meta":"","header-above-stick-meta":"","header-main-stick-meta":"","header-below-stick-meta":"","astra-migrate-meta-layouts":"default","ast-page-background-enabled":"default","ast-page-background-meta":{"desktop":{"background-color":"var(--ast-global-color-5)","background-image":"","background-repeat":"repeat","background-position":"center center","background-size":"auto","background-attachment":"scroll","background-type":"","background-media":"","overlay-type":"","overlay-color":"","overlay-opacity":"","overlay-gradient":""},"tablet":{"background-color":"","background-image":"","background-repeat":"repeat","background-position":"center center","background-size":"auto","background-attachment":"scroll","background-type":"","background-media":"","overlay-type":"","overlay-color":"","overlay-opacity":"","overlay-gradient":""},"mobile":{"background-color":"","background-image":"","background-repeat":"repeat","background-position":"center center","background-size":"auto","background-attachment":"scroll","background-type":"","background-media":"","overlay-type":"","overlay-color":"","overlay-opacity":"","overlay-gradient":""}},"ast-content-background-meta":{"desktop":{"background-color":"var(--ast-global-color-4)","background-image":"","background-repeat":"repeat","background-position":"center center","background-size":"auto","background-attachment":"scroll","background-type":"","background-media":"","overlay-type":"","overlay-color":"","overlay-opacity":"","overlay-gradient":""},"tablet":{"background-color":"var(--ast-global-color-4)","background-image":"","background-repeat":"repeat","background-position":"center center","background-size":"auto","background-attachment":"scroll","background-type":"","background-media":"","overlay-type":"","overlay-color":"","overlay-opacity":"","overlay-gradient":""},"mobile":{"background-color":"var(--ast-global-color-4)","background-image":"","background-repeat":"repeat","background-position":"center center","background-size":"auto","background-attachment":"scroll","background-type":"","background-media":"","overlay-type":"","overlay-color":"","overlay-opacity":"","overlay-gradient":""}},"footnotes":""},"categories":[1],"tags":[],"class_list":["post-3339","post","type-post","status-publish","format-standard","hentry","category-sve"],"yoast_head":"<!-- This site is optimized with the Yoast SEO plugin v25.1 - https:\/\/yoast.com\/wordpress\/plugins\/seo\/ -->\n<title>[:en]FAIR OF ENERGY EFFICIENCY[:hr]SAJAM ENERGETSKE U\u010cINKOVITOSTI[:de]MESSE DER ENERGIEEFFIZIENZ[:] - Hotel Medena - Trogir - Croatia<\/title>\n<meta name=\"robots\" content=\"index, follow, max-snippet:-1, max-image-preview:large, max-video-preview:-1\" \/>\n<link rel=\"canonical\" href=\"https:\/\/www.hotelmedena.com\/hr\/2016\/10\/20\/fair-of-energy-efficiency\/\" \/>\n<meta property=\"og:locale\" content=\"hr_HR\" \/>\n<meta property=\"og:type\" content=\"article\" \/>\n<meta property=\"og:title\" content=\"[:en]FAIR OF ENERGY EFFICIENCY[:hr]SAJAM ENERGETSKE U\u010cINKOVITOSTI[:de]MESSE DER ENERGIEEFFIZIENZ[:] - Hotel Medena - Trogir - Croatia\" \/>\n<meta property=\"og:description\" content=\"[:en]In the 5th \u201eWeek of the energy efficiency\u201c on 1 October 2016. in Zadar was held \u201eFair of Energy Efficiency ... \u00bb\u00bb\" \/>\n<meta property=\"og:url\" content=\"https:\/\/www.hotelmedena.com\/hr\/2016\/10\/20\/fair-of-energy-efficiency\/\" \/>\n<meta property=\"og:site_name\" content=\"Hotel Medena - Trogir - Croatia\" \/>\n<meta property=\"article:published_time\" content=\"2016-10-20T12:19:33+00:00\" \/>\n<meta property=\"article:modified_time\" content=\"2016-12-27T12:21:58+00:00\" \/>\n<meta name=\"author\" content=\"A FG\" \/>\n<meta name=\"twitter:card\" content=\"summary_large_image\" \/>\n<meta name=\"twitter:label1\" content=\"Napisao\/la\" \/>\n\t<meta name=\"twitter:data1\" content=\"A FG\" \/>\n\t<meta name=\"twitter:label2\" content=\"Procijenjeno vrijeme \u010ditanja\" \/>\n\t<meta name=\"twitter:data2\" content=\"5 minuta\" \/>\n<script type=\"application\/ld+json\" class=\"yoast-schema-graph\">{\"@context\":\"https:\/\/schema.org\",\"@graph\":[{\"@type\":\"Article\",\"@id\":\"https:\/\/www.hotelmedena.com\/2016\/10\/20\/fair-of-energy-efficiency\/#article\",\"isPartOf\":{\"@id\":\"https:\/\/www.hotelmedena.com\/2016\/10\/20\/fair-of-energy-efficiency\/\"},\"author\":{\"name\":\"A FG\",\"@id\":\"https:\/\/www.hotelmedena.com\/#\/schema\/person\/d1f68b6b98afae7c074484304d6b0acf\"},\"headline\":\"[:en]FAIR OF ENERGY EFFICIENCY[:hr]SAJAM ENERGETSKE U\u010cINKOVITOSTI[:de]MESSE DER ENERGIEEFFIZIENZ[:]\",\"datePublished\":\"2016-10-20T12:19:33+00:00\",\"dateModified\":\"2016-12-27T12:21:58+00:00\",\"mainEntityOfPage\":{\"@id\":\"https:\/\/www.hotelmedena.com\/2016\/10\/20\/fair-of-energy-efficiency\/\"},\"wordCount\":1050,\"commentCount\":0,\"publisher\":{\"@id\":\"https:\/\/www.hotelmedena.com\/#organization\"},\"articleSection\":[\"Glavne vijesti\"],\"inLanguage\":\"hr\",\"potentialAction\":[{\"@type\":\"CommentAction\",\"name\":\"Comment\",\"target\":[\"https:\/\/www.hotelmedena.com\/2016\/10\/20\/fair-of-energy-efficiency\/#respond\"]}]},{\"@type\":\"WebPage\",\"@id\":\"https:\/\/www.hotelmedena.com\/2016\/10\/20\/fair-of-energy-efficiency\/\",\"url\":\"https:\/\/www.hotelmedena.com\/2016\/10\/20\/fair-of-energy-efficiency\/\",\"name\":\"[:en]FAIR OF ENERGY EFFICIENCY[:hr]SAJAM ENERGETSKE U\u010cINKOVITOSTI[:de]MESSE DER ENERGIEEFFIZIENZ[:] - Hotel Medena - Trogir - Croatia\",\"isPartOf\":{\"@id\":\"https:\/\/www.hotelmedena.com\/#website\"},\"datePublished\":\"2016-10-20T12:19:33+00:00\",\"dateModified\":\"2016-12-27T12:21:58+00:00\",\"breadcrumb\":{\"@id\":\"https:\/\/www.hotelmedena.com\/2016\/10\/20\/fair-of-energy-efficiency\/#breadcrumb\"},\"inLanguage\":\"hr\",\"potentialAction\":[{\"@type\":\"ReadAction\",\"target\":[\"https:\/\/www.hotelmedena.com\/2016\/10\/20\/fair-of-energy-efficiency\/\"]}]},{\"@type\":\"BreadcrumbList\",\"@id\":\"https:\/\/www.hotelmedena.com\/2016\/10\/20\/fair-of-energy-efficiency\/#breadcrumb\",\"itemListElement\":[{\"@type\":\"ListItem\",\"position\":1,\"name\":\"Home\",\"item\":\"https:\/\/www.hotelmedena.com\/\"},{\"@type\":\"ListItem\",\"position\":2,\"name\":\"[:en]FAIR OF ENERGY EFFICIENCY[:hr]SAJAM ENERGETSKE U\u010cINKOVITOSTI[:de]MESSE DER ENERGIEEFFIZIENZ[:]\"}]},{\"@type\":\"WebSite\",\"@id\":\"https:\/\/www.hotelmedena.com\/#website\",\"url\":\"https:\/\/www.hotelmedena.com\/\",\"name\":\"Hotel Medena - Trogir - Croatia\",\"description\":\"Obiteljski hotel\",\"publisher\":{\"@id\":\"https:\/\/www.hotelmedena.com\/#organization\"},\"potentialAction\":[{\"@type\":\"SearchAction\",\"target\":{\"@type\":\"EntryPoint\",\"urlTemplate\":\"https:\/\/www.hotelmedena.com\/?s={search_term_string}\"},\"query-input\":{\"@type\":\"PropertyValueSpecification\",\"valueRequired\":true,\"valueName\":\"search_term_string\"}}],\"inLanguage\":\"hr\"},{\"@type\":\"Organization\",\"@id\":\"https:\/\/www.hotelmedena.com\/#organization\",\"name\":\"Hotel Medena - Trogir - Croatia\",\"url\":\"https:\/\/www.hotelmedena.com\/\",\"logo\":{\"@type\":\"ImageObject\",\"inLanguage\":\"hr\",\"@id\":\"https:\/\/www.hotelmedena.com\/#\/schema\/logo\/image\/\",\"url\":\"https:\/\/www.hotelmedena.com\/wp-content\/uploads\/2025\/03\/cropped-hotel-logo2-1.png\",\"contentUrl\":\"https:\/\/www.hotelmedena.com\/wp-content\/uploads\/2025\/03\/cropped-hotel-logo2-1.png\",\"width\":888,\"height\":622,\"caption\":\"Hotel Medena - Trogir - Croatia\"},\"image\":{\"@id\":\"https:\/\/www.hotelmedena.com\/#\/schema\/logo\/image\/\"}},{\"@type\":\"Person\",\"@id\":\"https:\/\/www.hotelmedena.com\/#\/schema\/person\/d1f68b6b98afae7c074484304d6b0acf\",\"name\":\"A FG\",\"url\":\"https:\/\/www.hotelmedena.com\/hr\/author\/anamarija\/\"}]}<\/script>\n<!-- \/ Yoast SEO plugin. -->","yoast_head_json":{"title":"[:en]FAIR OF ENERGY EFFICIENCY[:hr]SAJAM ENERGETSKE U\u010cINKOVITOSTI[:de]MESSE DER ENERGIEEFFIZIENZ[:] - Hotel Medena - Trogir - Croatia","robots":{"index":"index","follow":"follow","max-snippet":"max-snippet:-1","max-image-preview":"max-image-preview:large","max-video-preview":"max-video-preview:-1"},"canonical":"https:\/\/www.hotelmedena.com\/hr\/2016\/10\/20\/fair-of-energy-efficiency\/","og_locale":"hr_HR","og_type":"article","og_title":"[:en]FAIR OF ENERGY EFFICIENCY[:hr]SAJAM ENERGETSKE U\u010cINKOVITOSTI[:de]MESSE DER ENERGIEEFFIZIENZ[:] - Hotel Medena - Trogir - Croatia","og_description":"[:en]In the 5th \u201eWeek of the energy efficiency\u201c on 1 October 2016. in Zadar was held \u201eFair of Energy Efficiency ... \u00bb\u00bb","og_url":"https:\/\/www.hotelmedena.com\/hr\/2016\/10\/20\/fair-of-energy-efficiency\/","og_site_name":"Hotel Medena - Trogir - Croatia","article_published_time":"2016-10-20T12:19:33+00:00","article_modified_time":"2016-12-27T12:21:58+00:00","author":"A FG","twitter_card":"summary_large_image","twitter_misc":{"Napisao\/la":"A FG","Procijenjeno vrijeme \u010ditanja":"5 minuta"},"schema":{"@context":"https:\/\/schema.org","@graph":[{"@type":"Article","@id":"https:\/\/www.hotelmedena.com\/2016\/10\/20\/fair-of-energy-efficiency\/#article","isPartOf":{"@id":"https:\/\/www.hotelmedena.com\/2016\/10\/20\/fair-of-energy-efficiency\/"},"author":{"name":"A FG","@id":"https:\/\/www.hotelmedena.com\/#\/schema\/person\/d1f68b6b98afae7c074484304d6b0acf"},"headline":"[:en]FAIR OF ENERGY EFFICIENCY[:hr]SAJAM ENERGETSKE U\u010cINKOVITOSTI[:de]MESSE DER ENERGIEEFFIZIENZ[:]","datePublished":"2016-10-20T12:19:33+00:00","dateModified":"2016-12-27T12:21:58+00:00","mainEntityOfPage":{"@id":"https:\/\/www.hotelmedena.com\/2016\/10\/20\/fair-of-energy-efficiency\/"},"wordCount":1050,"commentCount":0,"publisher":{"@id":"https:\/\/www.hotelmedena.com\/#organization"},"articleSection":["Glavne vijesti"],"inLanguage":"hr","potentialAction":[{"@type":"CommentAction","name":"Comment","target":["https:\/\/www.hotelmedena.com\/2016\/10\/20\/fair-of-energy-efficiency\/#respond"]}]},{"@type":"WebPage","@id":"https:\/\/www.hotelmedena.com\/2016\/10\/20\/fair-of-energy-efficiency\/","url":"https:\/\/www.hotelmedena.com\/2016\/10\/20\/fair-of-energy-efficiency\/","name":"[:en]FAIR OF ENERGY EFFICIENCY[:hr]SAJAM ENERGETSKE U\u010cINKOVITOSTI[:de]MESSE DER ENERGIEEFFIZIENZ[:] - Hotel Medena - Trogir - Croatia","isPartOf":{"@id":"https:\/\/www.hotelmedena.com\/#website"},"datePublished":"2016-10-20T12:19:33+00:00","dateModified":"2016-12-27T12:21:58+00:00","breadcrumb":{"@id":"https:\/\/www.hotelmedena.com\/2016\/10\/20\/fair-of-energy-efficiency\/#breadcrumb"},"inLanguage":"hr","potentialAction":[{"@type":"ReadAction","target":["https:\/\/www.hotelmedena.com\/2016\/10\/20\/fair-of-energy-efficiency\/"]}]},{"@type":"BreadcrumbList","@id":"https:\/\/www.hotelmedena.com\/2016\/10\/20\/fair-of-energy-efficiency\/#breadcrumb","itemListElement":[{"@type":"ListItem","position":1,"name":"Home","item":"https:\/\/www.hotelmedena.com\/"},{"@type":"ListItem","position":2,"name":"[:en]FAIR OF ENERGY EFFICIENCY[:hr]SAJAM ENERGETSKE U\u010cINKOVITOSTI[:de]MESSE DER ENERGIEEFFIZIENZ[:]"}]},{"@type":"WebSite","@id":"https:\/\/www.hotelmedena.com\/#website","url":"https:\/\/www.hotelmedena.com\/","name":"Hotel Medena - Trogir - Croatia","description":"Obiteljski hotel","publisher":{"@id":"https:\/\/www.hotelmedena.com\/#organization"},"potentialAction":[{"@type":"SearchAction","target":{"@type":"EntryPoint","urlTemplate":"https:\/\/www.hotelmedena.com\/?s={search_term_string}"},"query-input":{"@type":"PropertyValueSpecification","valueRequired":true,"valueName":"search_term_string"}}],"inLanguage":"hr"},{"@type":"Organization","@id":"https:\/\/www.hotelmedena.com\/#organization","name":"Hotel Medena - Trogir - Croatia","url":"https:\/\/www.hotelmedena.com\/","logo":{"@type":"ImageObject","inLanguage":"hr","@id":"https:\/\/www.hotelmedena.com\/#\/schema\/logo\/image\/","url":"https:\/\/www.hotelmedena.com\/wp-content\/uploads\/2025\/03\/cropped-hotel-logo2-1.png","contentUrl":"https:\/\/www.hotelmedena.com\/wp-content\/uploads\/2025\/03\/cropped-hotel-logo2-1.png","width":888,"height":622,"caption":"Hotel Medena - Trogir - Croatia"},"image":{"@id":"https:\/\/www.hotelmedena.com\/#\/schema\/logo\/image\/"}},{"@type":"Person","@id":"https:\/\/www.hotelmedena.com\/#\/schema\/person\/d1f68b6b98afae7c074484304d6b0acf","name":"A FG","url":"https:\/\/www.hotelmedena.com\/hr\/author\/anamarija\/"}]}},"_links":{"self":[{"href":"https:\/\/www.hotelmedena.com\/hr\/wp-json\/wp\/v2\/posts\/3339","targetHints":{"allow":["GET"]}}],"collection":[{"href":"https:\/\/www.hotelmedena.com\/hr\/wp-json\/wp\/v2\/posts"}],"about":[{"href":"https:\/\/www.hotelmedena.com\/hr\/wp-json\/wp\/v2\/types\/post"}],"author":[{"embeddable":true,"href":"https:\/\/www.hotelmedena.com\/hr\/wp-json\/wp\/v2\/users\/3"}],"replies":[{"embeddable":true,"href":"https:\/\/www.hotelmedena.com\/hr\/wp-json\/wp\/v2\/comments?post=3339"}],"version-history":[{"count":1,"href":"https:\/\/www.hotelmedena.com\/hr\/wp-json\/wp\/v2\/posts\/3339\/revisions"}],"predecessor-version":[{"id":3340,"href":"https:\/\/www.hotelmedena.com\/hr\/wp-json\/wp\/v2\/posts\/3339\/revisions\/3340"}],"wp:attachment":[{"href":"https:\/\/www.hotelmedena.com\/hr\/wp-json\/wp\/v2\/media?parent=3339"}],"wp:term":[{"taxonomy":"category","embeddable":true,"href":"https:\/\/www.hotelmedena.com\/hr\/wp-json\/wp\/v2\/categories?post=3339"},{"taxonomy":"post_tag","embeddable":true,"href":"https:\/\/www.hotelmedena.com\/hr\/wp-json\/wp\/v2\/tags?post=3339"}],"curies":[{"name":"wp","href":"https:\/\/api.w.org\/{rel}","templated":true}]}}