{"id":2692,"date":"2016-08-01T07:06:04","date_gmt":"2016-08-01T07:06:04","guid":{"rendered":"http:\/\/www.hotelmedena.com\/?p=2692"},"modified":"2016-08-01T07:06:04","modified_gmt":"2016-08-01T07:06:04","slug":"hotelu-medena-zavrsio-prvi-program-mrsavljenja-zdravog-zivljenja","status":"publish","type":"post","link":"https:\/\/www.hotelmedena.com\/hr\/2016\/08\/01\/hotelu-medena-zavrsio-prvi-program-mrsavljenja-zdravog-zivljenja\/","title":{"rendered":"[:en]First Weight Loss and Healthy Living Programme Completed at the Medena Hotel[:hr]U hotelu Medena zavr\u0161io je prvi program mr\u0161avljenja i zdravog \u017eivljenja[:de]Im Hotel Medena wurde der erste Gewichtsverlust- und gesunder Lebensstil-Programm abgeschlossen[:]"},"content":{"rendered":"<p>[:en]The first weight loss and healthy living programme was completed last month at the Medena hotel. The programme\u2019s first participants were delighted with the results that they have achieved in a week with the instructor Maja \u017dupan\u010di\u0107. On average, people lose one to two kilograms a day. A participant Marko, who started the course with 130 kilograms achieved the best results.<\/p>\n<p><em>\u00a0\u201cI decided to sign up for the weight loss programme because I had got a recommendation for it from acquaintances who had attended it before. I did not know what awaited me and thought it would be hard, but when I met Maja, who is such a cheerful and positive person, I knew that it would be a great experience. I used to have a very unhealthy diet, I would drink a lot of carbonated beverages and eat fatty and fried food in large quantities, so I was afraid that I would be hungry after switching to the weight loss programme with healthy juices. I was surprised by how simple it was. I spent entire days with Maja, we did a lot of walking, exercise, swimming and talking. The week &#8220;flew by&#8221; in her company. The results were such that I decided to follow the fasting programme for another two weeks after having completed the weight loss programme. In the one week the programme lasted, I lost a total of 9 kilograms. Maja wrote down for me a programme of healthy nutrition by day, so as to make it as easy for me as possible to eat healthily at home after the completion of the programme.\u201d<\/em><\/p>\n<p>&nbsp;<\/p>\n<p>Come and join us in this healthy weight loss programme and witness the results.[:hr]Pro\u0161li je mjesec u hotelu Medena zavr\u0161io prvi program mr\u0161avljenja i zdravog \u017eivljenja. Prvi polaznici programa odu\u0161evljeni su rezultatima koje su postigli u tjedan dana s voditeljicom Majom Zupan\u010di\u010d. Ljudi u prosjeku gube od kilogram do dva kilograma dnevno. Najbolje rezultate postigao je jedan polaznik, Marko, koji je na te\u010daj krenuo sa 130 kilograma.<\/p>\n<p><em>\u201eOdlu\u010dio sam se prijaviti na program mr\u0161avljenja jer sam dobio preporuku od poznanika. Nisam znao \u0161to me \u010deka i mislio sam da \u0107e biti te\u0161ko, no kada sam upoznao Maju, koja je toliko vedra i pozitivna osoba, znao sam da \u0107e to biti jedno lijepo iskustvo. Prije sam se jako nezdravo hranio, pio puno gaziranih pi\u0107a i jeo masnu i pr\u017eenu hranu u velikim koli\u010dinama pa sam se bojao da \u0107u biti gladan nakon \u0161to prije\u0111em na program mr\u0161avljenja sa zdravim sokovima. Iznenadio sam se koliko je to bilo jednostavno. S Majom sam provodio cijele dane od jutra do mraka, puno smo se \u0161etali, vje\u017ebali, kupali i razgovarali. Uz nju mi je tih tjedan dana \u201eproletjelo\u201c. Rezultati su bili izvrsni, takvi da sam se odlu\u010dio pridr\u017eavati programa posta jo\u0161 dva tjedna nakon \u0161to je program zavr\u0161io. U tjedan dana odr\u017eavanja programa izgubio sam ukupno 9 kilograma. Maja mi je napisala program zdrave prehrane po danima kako bi mi bilo \u0161to lak\u0161e zdravo se hraniti kod ku\u0107e nakon zavr\u0161etka programa.\u201c<\/em><\/p>\n<p>&nbsp;<\/p>\n<p>Do\u0111ite i pridru\u017eite nam se i vi u ovom programu zdravog mr\u0161avljenja i sami se uvjerite u njegove rezultate.[:de]Im letzten Monat wurde Im Hotel Medena der erste Gewichtsverlust- und gesunder Lebensstil-Programm abgeschlossen. Die ersten Teilnehmer des Programms sind mit den Ergebnissen, die sie in einer Woche mit der Leiterin Maja Zupan\u010di\u010d erreichten begeistert. Die Die Teilnehmer verloren durchschnittlich ein bis zwei Kilogramm t\u00e4glich. Die besten Ergebnisse erreichte ein Teilnehmer, der den Programm mit 130 Kilogramm begann.<\/p>\n<p><em>\u00a0\u201eIch entschied mich f\u00fcr den Gewichtsverlust-Programm anzumelden, weil ich eine Empfehlung von einem Freund, der an dem Programm teilgenommen hatte, bekam. Ich wusste nicht, was mich erwartet und dachte, es wird schwierig, aber wenn ich Maya traf, die eine so fr\u00f6hliche und positive Person ist, wusste ich, dass es eine sch\u00f6ne Erfahrung sein wird. Fr\u00fcher ern\u00e4hrte ich mich sehr ungesund, hatte sehr viel kohlens\u00e4urehaltige Getr\u00e4nke, sowie fettige und gebratene Lebensmittel in gro\u00dfen Mengen. Ich hatte Angst, dass ich hungrig sein werde auf dem Gewichtsverlust- Programm mit den gesunden S\u00e4ften. Ich war \u00fcberrascht, wie einfach es war. Mit Maya verbrachte Ich ganze Tage von morgens bis abends, wir haben viel gelaufen, Sport getrieben, geschwommen und geredet. Mit ihr verging die Woche wie im Flug. Die Ergebnisse waren so gut, dass Ich beschloss den Fasten-Programm noch zwei Wochen nach dem Programm einzuhalten. In einer Woche des Programms habe ich insgesamt 9 Kilogramm verloren. Maja bereitete mir einen Programm der gesunden Ern\u00e4hrung f\u00fcr jeden Tag der Woche, um es mir einfacher zu machen sich gesund zu ern\u00e4hren, wenn ich nach dem Programm nach Hause komme.\u201c<\/em><\/p>\n<p>&nbsp;<\/p>\n<p>Nehmen Sie auch Teil an diesem gesunden Gewichtsverlust- Programm und \u00fcberzeugen Sie sich \u00fcber seine Ergebnisse.<\/p>\n<p>&nbsp;[:]<\/p>","protected":false},"excerpt":{"rendered":"<p>[:en]The first weight loss and healthy living programme was completed last month at the Medena hotel. The programme\u2019s first participants <a href=\"https:\/\/www.hotelmedena.com\/hr\/2016\/08\/01\/hotelu-medena-zavrsio-prvi-program-mrsavljenja-zdravog-zivljenja\/#more-'\" class=\"more-link\">&#8230; \u00bb\u00bb<\/a><\/p>","protected":false},"author":3,"featured_media":0,"comment_status":"open","ping_status":"open","sticky":false,"template":"","format":"standard","meta":{"site-sidebar-layout":"default","site-content-layout":"","ast-site-content-layout":"","site-content-style":"default","site-sidebar-style":"default","ast-global-header-display":"","ast-banner-title-visibility":"","ast-main-header-display":"","ast-hfb-above-header-display":"","ast-hfb-below-header-display":"","ast-hfb-mobile-header-display":"","site-post-title":"","ast-breadcrumbs-content":"","ast-featured-img":"","footer-sml-layout":"","theme-transparent-header-meta":"","adv-header-id-meta":"","stick-header-meta":"","header-above-stick-meta":"","header-main-stick-meta":"","header-below-stick-meta":"","astra-migrate-meta-layouts":"default","ast-page-background-enabled":"default","ast-page-background-meta":{"desktop":{"background-color":"var(--ast-global-color-5)","background-image":"","background-repeat":"repeat","background-position":"center center","background-size":"auto","background-attachment":"scroll","background-type":"","background-media":"","overlay-type":"","overlay-color":"","overlay-opacity":"","overlay-gradient":""},"tablet":{"background-color":"","background-image":"","background-repeat":"repeat","background-position":"center center","background-size":"auto","background-attachment":"scroll","background-type":"","background-media":"","overlay-type":"","overlay-color":"","overlay-opacity":"","overlay-gradient":""},"mobile":{"background-color":"","background-image":"","background-repeat":"repeat","background-position":"center center","background-size":"auto","background-attachment":"scroll","background-type":"","background-media":"","overlay-type":"","overlay-color":"","overlay-opacity":"","overlay-gradient":""}},"ast-content-background-meta":{"desktop":{"background-color":"var(--ast-global-color-4)","background-image":"","background-repeat":"repeat","background-position":"center center","background-size":"auto","background-attachment":"scroll","background-type":"","background-media":"","overlay-type":"","overlay-color":"","overlay-opacity":"","overlay-gradient":""},"tablet":{"background-color":"var(--ast-global-color-4)","background-image":"","background-repeat":"repeat","background-position":"center center","background-size":"auto","background-attachment":"scroll","background-type":"","background-media":"","overlay-type":"","overlay-color":"","overlay-opacity":"","overlay-gradient":""},"mobile":{"background-color":"var(--ast-global-color-4)","background-image":"","background-repeat":"repeat","background-position":"center center","background-size":"auto","background-attachment":"scroll","background-type":"","background-media":"","overlay-type":"","overlay-color":"","overlay-opacity":"","overlay-gradient":""}},"footnotes":""},"categories":[1],"tags":[],"class_list":["post-2692","post","type-post","status-publish","format-standard","hentry","category-sve"],"yoast_head":"<!-- This site is optimized with the Yoast SEO plugin v25.1 - https:\/\/yoast.com\/wordpress\/plugins\/seo\/ -->\n<title>[:en]First Weight Loss and Healthy Living Programme Completed at the Medena Hotel[:hr]U hotelu Medena zavr\u0161io je prvi program mr\u0161avljenja i zdravog \u017eivljenja[:de]Im Hotel Medena wurde der erste Gewichtsverlust- und gesunder Lebensstil-Programm abgeschlossen[:] - Hotel Medena - Trogir - Croatia<\/title>\n<meta name=\"robots\" content=\"index, follow, max-snippet:-1, max-image-preview:large, max-video-preview:-1\" \/>\n<link rel=\"canonical\" href=\"https:\/\/www.hotelmedena.com\/hr\/2016\/08\/01\/hotelu-medena-zavrsio-prvi-program-mrsavljenja-zdravog-zivljenja\/\" \/>\n<meta property=\"og:locale\" content=\"hr_HR\" \/>\n<meta property=\"og:type\" content=\"article\" \/>\n<meta property=\"og:title\" content=\"[:en]First Weight Loss and Healthy Living Programme Completed at the Medena Hotel[:hr]U hotelu Medena zavr\u0161io je prvi program mr\u0161avljenja i zdravog \u017eivljenja[:de]Im Hotel Medena wurde der erste Gewichtsverlust- und gesunder Lebensstil-Programm abgeschlossen[:] - Hotel Medena - Trogir - Croatia\" \/>\n<meta property=\"og:description\" content=\"[:en]The first weight loss and healthy living programme was completed last month at the Medena hotel. The programme\u2019s first participants ... \u00bb\u00bb\" \/>\n<meta property=\"og:url\" content=\"https:\/\/www.hotelmedena.com\/hr\/2016\/08\/01\/hotelu-medena-zavrsio-prvi-program-mrsavljenja-zdravog-zivljenja\/\" \/>\n<meta property=\"og:site_name\" content=\"Hotel Medena - Trogir - Croatia\" \/>\n<meta property=\"article:published_time\" content=\"2016-08-01T07:06:04+00:00\" \/>\n<meta name=\"author\" content=\"A FG\" \/>\n<meta name=\"twitter:card\" content=\"summary_large_image\" \/>\n<meta name=\"twitter:label1\" content=\"Napisao\/la\" \/>\n\t<meta name=\"twitter:data1\" content=\"A FG\" \/>\n\t<meta name=\"twitter:label2\" content=\"Procijenjeno vrijeme \u010ditanja\" \/>\n\t<meta name=\"twitter:data2\" content=\"4 minute\" \/>\n<script type=\"application\/ld+json\" class=\"yoast-schema-graph\">{\"@context\":\"https:\/\/schema.org\",\"@graph\":[{\"@type\":\"Article\",\"@id\":\"https:\/\/www.hotelmedena.com\/2016\/08\/01\/hotelu-medena-zavrsio-prvi-program-mrsavljenja-zdravog-zivljenja\/#article\",\"isPartOf\":{\"@id\":\"https:\/\/www.hotelmedena.com\/2016\/08\/01\/hotelu-medena-zavrsio-prvi-program-mrsavljenja-zdravog-zivljenja\/\"},\"author\":{\"name\":\"A FG\",\"@id\":\"https:\/\/www.hotelmedena.com\/#\/schema\/person\/d1f68b6b98afae7c074484304d6b0acf\"},\"headline\":\"[:en]First Weight Loss and Healthy Living Programme Completed at the Medena Hotel[:hr]U hotelu Medena zavr\u0161io je prvi program mr\u0161avljenja i zdravog \u017eivljenja[:de]Im Hotel Medena wurde der erste Gewichtsverlust- und gesunder Lebensstil-Programm abgeschlossen[:]\",\"datePublished\":\"2016-08-01T07:06:04+00:00\",\"mainEntityOfPage\":{\"@id\":\"https:\/\/www.hotelmedena.com\/2016\/08\/01\/hotelu-medena-zavrsio-prvi-program-mrsavljenja-zdravog-zivljenja\/\"},\"wordCount\":860,\"commentCount\":0,\"publisher\":{\"@id\":\"https:\/\/www.hotelmedena.com\/#organization\"},\"articleSection\":[\"Glavne vijesti\"],\"inLanguage\":\"hr\",\"potentialAction\":[{\"@type\":\"CommentAction\",\"name\":\"Comment\",\"target\":[\"https:\/\/www.hotelmedena.com\/2016\/08\/01\/hotelu-medena-zavrsio-prvi-program-mrsavljenja-zdravog-zivljenja\/#respond\"]}]},{\"@type\":\"WebPage\",\"@id\":\"https:\/\/www.hotelmedena.com\/2016\/08\/01\/hotelu-medena-zavrsio-prvi-program-mrsavljenja-zdravog-zivljenja\/\",\"url\":\"https:\/\/www.hotelmedena.com\/2016\/08\/01\/hotelu-medena-zavrsio-prvi-program-mrsavljenja-zdravog-zivljenja\/\",\"name\":\"[:en]First Weight Loss and Healthy Living Programme Completed at the Medena Hotel[:hr]U hotelu Medena zavr\u0161io je prvi program mr\u0161avljenja i zdravog \u017eivljenja[:de]Im Hotel Medena wurde der erste Gewichtsverlust- und gesunder Lebensstil-Programm abgeschlossen[:] - Hotel Medena - Trogir - Croatia\",\"isPartOf\":{\"@id\":\"https:\/\/www.hotelmedena.com\/#website\"},\"datePublished\":\"2016-08-01T07:06:04+00:00\",\"breadcrumb\":{\"@id\":\"https:\/\/www.hotelmedena.com\/2016\/08\/01\/hotelu-medena-zavrsio-prvi-program-mrsavljenja-zdravog-zivljenja\/#breadcrumb\"},\"inLanguage\":\"hr\",\"potentialAction\":[{\"@type\":\"ReadAction\",\"target\":[\"https:\/\/www.hotelmedena.com\/2016\/08\/01\/hotelu-medena-zavrsio-prvi-program-mrsavljenja-zdravog-zivljenja\/\"]}]},{\"@type\":\"BreadcrumbList\",\"@id\":\"https:\/\/www.hotelmedena.com\/2016\/08\/01\/hotelu-medena-zavrsio-prvi-program-mrsavljenja-zdravog-zivljenja\/#breadcrumb\",\"itemListElement\":[{\"@type\":\"ListItem\",\"position\":1,\"name\":\"Home\",\"item\":\"https:\/\/www.hotelmedena.com\/\"},{\"@type\":\"ListItem\",\"position\":2,\"name\":\"[:en]First Weight Loss and Healthy Living Programme Completed at the Medena Hotel[:hr]U hotelu Medena zavr\u0161io je prvi program mr\u0161avljenja i zdravog \u017eivljenja[:de]Im Hotel Medena wurde der erste Gewichtsverlust- und gesunder Lebensstil-Programm abgeschlossen[:]\"}]},{\"@type\":\"WebSite\",\"@id\":\"https:\/\/www.hotelmedena.com\/#website\",\"url\":\"https:\/\/www.hotelmedena.com\/\",\"name\":\"Hotel Medena - Trogir - Croatia\",\"description\":\"Obiteljski hotel\",\"publisher\":{\"@id\":\"https:\/\/www.hotelmedena.com\/#organization\"},\"potentialAction\":[{\"@type\":\"SearchAction\",\"target\":{\"@type\":\"EntryPoint\",\"urlTemplate\":\"https:\/\/www.hotelmedena.com\/?s={search_term_string}\"},\"query-input\":{\"@type\":\"PropertyValueSpecification\",\"valueRequired\":true,\"valueName\":\"search_term_string\"}}],\"inLanguage\":\"hr\"},{\"@type\":\"Organization\",\"@id\":\"https:\/\/www.hotelmedena.com\/#organization\",\"name\":\"Hotel Medena - Trogir - Croatia\",\"url\":\"https:\/\/www.hotelmedena.com\/\",\"logo\":{\"@type\":\"ImageObject\",\"inLanguage\":\"hr\",\"@id\":\"https:\/\/www.hotelmedena.com\/#\/schema\/logo\/image\/\",\"url\":\"https:\/\/www.hotelmedena.com\/wp-content\/uploads\/2025\/03\/cropped-hotel-logo2-1.png\",\"contentUrl\":\"https:\/\/www.hotelmedena.com\/wp-content\/uploads\/2025\/03\/cropped-hotel-logo2-1.png\",\"width\":888,\"height\":622,\"caption\":\"Hotel Medena - Trogir - Croatia\"},\"image\":{\"@id\":\"https:\/\/www.hotelmedena.com\/#\/schema\/logo\/image\/\"}},{\"@type\":\"Person\",\"@id\":\"https:\/\/www.hotelmedena.com\/#\/schema\/person\/d1f68b6b98afae7c074484304d6b0acf\",\"name\":\"A FG\",\"url\":\"https:\/\/www.hotelmedena.com\/hr\/author\/anamarija\/\"}]}<\/script>\n<!-- \/ Yoast SEO plugin. -->","yoast_head_json":{"title":"[:en]First Weight Loss and Healthy Living Programme Completed at the Medena Hotel[:hr]U hotelu Medena zavr\u0161io je prvi program mr\u0161avljenja i zdravog \u017eivljenja[:de]Im Hotel Medena wurde der erste Gewichtsverlust- und gesunder Lebensstil-Programm abgeschlossen[:] - Hotel Medena - Trogir - Croatia","robots":{"index":"index","follow":"follow","max-snippet":"max-snippet:-1","max-image-preview":"max-image-preview:large","max-video-preview":"max-video-preview:-1"},"canonical":"https:\/\/www.hotelmedena.com\/hr\/2016\/08\/01\/hotelu-medena-zavrsio-prvi-program-mrsavljenja-zdravog-zivljenja\/","og_locale":"hr_HR","og_type":"article","og_title":"[:en]First Weight Loss and Healthy Living Programme Completed at the Medena Hotel[:hr]U hotelu Medena zavr\u0161io je prvi program mr\u0161avljenja i zdravog \u017eivljenja[:de]Im Hotel Medena wurde der erste Gewichtsverlust- und gesunder Lebensstil-Programm abgeschlossen[:] - Hotel Medena - Trogir - Croatia","og_description":"[:en]The first weight loss and healthy living programme was completed last month at the Medena hotel. The programme\u2019s first participants ... \u00bb\u00bb","og_url":"https:\/\/www.hotelmedena.com\/hr\/2016\/08\/01\/hotelu-medena-zavrsio-prvi-program-mrsavljenja-zdravog-zivljenja\/","og_site_name":"Hotel Medena - Trogir - Croatia","article_published_time":"2016-08-01T07:06:04+00:00","author":"A FG","twitter_card":"summary_large_image","twitter_misc":{"Napisao\/la":"A FG","Procijenjeno vrijeme \u010ditanja":"4 minute"},"schema":{"@context":"https:\/\/schema.org","@graph":[{"@type":"Article","@id":"https:\/\/www.hotelmedena.com\/2016\/08\/01\/hotelu-medena-zavrsio-prvi-program-mrsavljenja-zdravog-zivljenja\/#article","isPartOf":{"@id":"https:\/\/www.hotelmedena.com\/2016\/08\/01\/hotelu-medena-zavrsio-prvi-program-mrsavljenja-zdravog-zivljenja\/"},"author":{"name":"A FG","@id":"https:\/\/www.hotelmedena.com\/#\/schema\/person\/d1f68b6b98afae7c074484304d6b0acf"},"headline":"[:en]First Weight Loss and Healthy Living Programme Completed at the Medena Hotel[:hr]U hotelu Medena zavr\u0161io je prvi program mr\u0161avljenja i zdravog \u017eivljenja[:de]Im Hotel Medena wurde der erste Gewichtsverlust- und gesunder Lebensstil-Programm abgeschlossen[:]","datePublished":"2016-08-01T07:06:04+00:00","mainEntityOfPage":{"@id":"https:\/\/www.hotelmedena.com\/2016\/08\/01\/hotelu-medena-zavrsio-prvi-program-mrsavljenja-zdravog-zivljenja\/"},"wordCount":860,"commentCount":0,"publisher":{"@id":"https:\/\/www.hotelmedena.com\/#organization"},"articleSection":["Glavne vijesti"],"inLanguage":"hr","potentialAction":[{"@type":"CommentAction","name":"Comment","target":["https:\/\/www.hotelmedena.com\/2016\/08\/01\/hotelu-medena-zavrsio-prvi-program-mrsavljenja-zdravog-zivljenja\/#respond"]}]},{"@type":"WebPage","@id":"https:\/\/www.hotelmedena.com\/2016\/08\/01\/hotelu-medena-zavrsio-prvi-program-mrsavljenja-zdravog-zivljenja\/","url":"https:\/\/www.hotelmedena.com\/2016\/08\/01\/hotelu-medena-zavrsio-prvi-program-mrsavljenja-zdravog-zivljenja\/","name":"[:en]First Weight Loss and Healthy Living Programme Completed at the Medena Hotel[:hr]U hotelu Medena zavr\u0161io je prvi program mr\u0161avljenja i zdravog \u017eivljenja[:de]Im Hotel Medena wurde der erste Gewichtsverlust- und gesunder Lebensstil-Programm abgeschlossen[:] - Hotel Medena - Trogir - Croatia","isPartOf":{"@id":"https:\/\/www.hotelmedena.com\/#website"},"datePublished":"2016-08-01T07:06:04+00:00","breadcrumb":{"@id":"https:\/\/www.hotelmedena.com\/2016\/08\/01\/hotelu-medena-zavrsio-prvi-program-mrsavljenja-zdravog-zivljenja\/#breadcrumb"},"inLanguage":"hr","potentialAction":[{"@type":"ReadAction","target":["https:\/\/www.hotelmedena.com\/2016\/08\/01\/hotelu-medena-zavrsio-prvi-program-mrsavljenja-zdravog-zivljenja\/"]}]},{"@type":"BreadcrumbList","@id":"https:\/\/www.hotelmedena.com\/2016\/08\/01\/hotelu-medena-zavrsio-prvi-program-mrsavljenja-zdravog-zivljenja\/#breadcrumb","itemListElement":[{"@type":"ListItem","position":1,"name":"Home","item":"https:\/\/www.hotelmedena.com\/"},{"@type":"ListItem","position":2,"name":"[:en]First Weight Loss and Healthy Living Programme Completed at the Medena Hotel[:hr]U hotelu Medena zavr\u0161io je prvi program mr\u0161avljenja i zdravog \u017eivljenja[:de]Im Hotel Medena wurde der erste Gewichtsverlust- und gesunder Lebensstil-Programm abgeschlossen[:]"}]},{"@type":"WebSite","@id":"https:\/\/www.hotelmedena.com\/#website","url":"https:\/\/www.hotelmedena.com\/","name":"Hotel Medena - Trogir - Croatia","description":"Obiteljski hotel","publisher":{"@id":"https:\/\/www.hotelmedena.com\/#organization"},"potentialAction":[{"@type":"SearchAction","target":{"@type":"EntryPoint","urlTemplate":"https:\/\/www.hotelmedena.com\/?s={search_term_string}"},"query-input":{"@type":"PropertyValueSpecification","valueRequired":true,"valueName":"search_term_string"}}],"inLanguage":"hr"},{"@type":"Organization","@id":"https:\/\/www.hotelmedena.com\/#organization","name":"Hotel Medena - Trogir - Croatia","url":"https:\/\/www.hotelmedena.com\/","logo":{"@type":"ImageObject","inLanguage":"hr","@id":"https:\/\/www.hotelmedena.com\/#\/schema\/logo\/image\/","url":"https:\/\/www.hotelmedena.com\/wp-content\/uploads\/2025\/03\/cropped-hotel-logo2-1.png","contentUrl":"https:\/\/www.hotelmedena.com\/wp-content\/uploads\/2025\/03\/cropped-hotel-logo2-1.png","width":888,"height":622,"caption":"Hotel Medena - Trogir - Croatia"},"image":{"@id":"https:\/\/www.hotelmedena.com\/#\/schema\/logo\/image\/"}},{"@type":"Person","@id":"https:\/\/www.hotelmedena.com\/#\/schema\/person\/d1f68b6b98afae7c074484304d6b0acf","name":"A FG","url":"https:\/\/www.hotelmedena.com\/hr\/author\/anamarija\/"}]}},"_links":{"self":[{"href":"https:\/\/www.hotelmedena.com\/hr\/wp-json\/wp\/v2\/posts\/2692","targetHints":{"allow":["GET"]}}],"collection":[{"href":"https:\/\/www.hotelmedena.com\/hr\/wp-json\/wp\/v2\/posts"}],"about":[{"href":"https:\/\/www.hotelmedena.com\/hr\/wp-json\/wp\/v2\/types\/post"}],"author":[{"embeddable":true,"href":"https:\/\/www.hotelmedena.com\/hr\/wp-json\/wp\/v2\/users\/3"}],"replies":[{"embeddable":true,"href":"https:\/\/www.hotelmedena.com\/hr\/wp-json\/wp\/v2\/comments?post=2692"}],"version-history":[{"count":1,"href":"https:\/\/www.hotelmedena.com\/hr\/wp-json\/wp\/v2\/posts\/2692\/revisions"}],"predecessor-version":[{"id":2693,"href":"https:\/\/www.hotelmedena.com\/hr\/wp-json\/wp\/v2\/posts\/2692\/revisions\/2693"}],"wp:attachment":[{"href":"https:\/\/www.hotelmedena.com\/hr\/wp-json\/wp\/v2\/media?parent=2692"}],"wp:term":[{"taxonomy":"category","embeddable":true,"href":"https:\/\/www.hotelmedena.com\/hr\/wp-json\/wp\/v2\/categories?post=2692"},{"taxonomy":"post_tag","embeddable":true,"href":"https:\/\/www.hotelmedena.com\/hr\/wp-json\/wp\/v2\/tags?post=2692"}],"curies":[{"name":"wp","href":"https:\/\/api.w.org\/{rel}","templated":true}]}}