{"id":3801,"date":"2017-02-20T23:27:05","date_gmt":"2017-02-20T23:27:05","guid":{"rendered":"http:\/\/www.hotelmedena.com\/?p=3801"},"modified":"2017-02-28T23:28:47","modified_gmt":"2017-02-28T23:28:47","slug":"lejla-zukic-krivdic-ubernimmt-die-fuhrung-des-microsoft-kroatien-und-bosnien-und-herzegowina","status":"publish","type":"post","link":"http:\/\/www.hotelmedena.com\/hr\/2017\/02\/20\/lejla-zukic-krivdic-ubernimmt-die-fuhrung-des-microsoft-kroatien-und-bosnien-und-herzegowina\/","title":{"rendered":"[:en]Lejla Zuki\u0107 &#8211; Krivdi\u0107 takes the lead of Microsoft Croatia and Bosnia and Herzegovina[:hr]Lejla Zuki\u0107 \u2013 Krivdi\u0107 preuzima vodstvo Microsoft Hrvatska i BiH[:de]Lejla Zuki\u0107 &#8211; Krivdi\u0107 \u00fcbernimmt die F\u00fchrung des Microsoft Kroatien und Bosnien und Herzegowina[:]"},"content":{"rendered":"<p>[:en]The new director of Microsoft Croatia and Bosnia and Herzegovina is Lejla Zuki\u0107 &#8211; Krivdi\u0107. From the company has announced that at this position will inherit Ivan Vidakovi\u0107, who continues his career at the position of Director of the digital transformation in the cluster Multicountry. Zuki\u0107 &#8211; Krivdi\u0107 comes from the position of sales director of Microsoft Croatia and Bosnia and Herzegovina where she has achieved continuous growth in business in the last three years. On new position she will continue the current strategy, and additional priority will be support of IT companies in order to promote most modern business solutions based on Microsoft cloud technologies. Ivan Vidakovi\u0107 was at the leading position for seven years and was focused on the positioning of Microsoft as a business and technology leader with a focus on digital transformation of the real and the public sector. Last year he received an award of the Croatian Association of Managers and Entrepreneurs (CROMA) for the Manager of the Year.<\/p>\n<p>&nbsp;<\/p>\n<p>&nbsp;[:hr]Nova direktorica tvrtke Microsoft Hrvatska i Bosna i Hercegovina je Lejla Zuki\u0107 \u2013 Krivdi\u0107. Iz kompanije su objavili da \u0107e na toj poziciji naslijediti Ivana Vidakovi\u0107a, koji svoju karijeru nastavlja na poziciji direktora Sektora za digitalnu transformaciju u klasteru Multicountry. Zuki\u0107 \u2013 Krivdi\u0107 dolazi sa pozicije direktora prodaje Microsofta Hrvatska i BiH gdje je ostvarila kontinuirani rast poslovanja u posljednje tri godine. Na novoj poziciji \u0107e nastaviti dosada\u0161nju strategiju, a dodatni prioritet biti \u0107e joj podr\u0161ka IT tvrtkama s ciljem promocije najmodernijih poslovnih rje\u0161enja baziranih na Microsoft cloud tehnologijama. Ivan Vidakovi\u0107 bio je na \u010delnoj poziciji sedam godina, a bio je fokusiran na pozicioniranje Microsofta kao poslovnog i tehnolo\u0161kog lidera\u00a0\u00a0 s naglaskom na digitalnu transformaciju realnog i javnog sektora. Pro\u0161le godine je dobio nagradu Hrvatskog udru\u017eenja menad\u017eera i poduzetnika (CROMA) za menad\u017eera godine.<\/p>\n<p>&nbsp;<\/p>\n<p>&nbsp;[:de]Der neue Direktor von Microsoft Kroatien und Bosnien und Herzegowina ist Lejla Zuki\u0107 &#8211; Krivdi\u0107. Aus der Firma angek\u00fcndigt, dass an dieser Position erben Ivan Vidakovi\u0107, der seine Karriere an der Position des Direktors der digitalen Transformation im Cluster Multicountry fortsetzt wird. Zuki\u0107 &#8211; Krivdi\u0107 kommt aus der Position des Verkaufsdirektor von Microsoft Kroatien und Bosnien und Herzegowina, wo sie ein kontinuierliches Wachstum in der Wirtschaft in den letzten drei Jahren erreicht hat. Auf neuen Position wird sie die aktuelle Strategie fortsetzen und weitere Priorit\u00e4t wird die Unterst\u00fctzung von IT-Unternehmen sein, um modernste Business-L\u00f6sungen auf Basis von Microsoft Cloud-Technologien zu f\u00f6rdern. Ivan Vidakovi\u0107 war in der f\u00fchrenden Position seit sieben Jahre lang und wurde auf die Positionierung von Microsoft als Unternehmen und Technologief\u00fchrer konzentriert mit einem Fokus auf digitale Transformation der realen und der \u00f6ffentlichen Hand. Im vergangenen Jahr erhielt er eine Auszeichnung des Kroatischen Verbandes der Manager und Unternehmer (CROMA) f\u00fcr den Manager des Jahres.<\/p>\n<p>&nbsp;[:]<\/p>","protected":false},"excerpt":{"rendered":"<p>[:en]The new director of Microsoft Croatia and Bosnia and Herzegovina is Lejla Zuki\u0107 &#8211; Krivdi\u0107. From the company has announced <a href=\"http:\/\/www.hotelmedena.com\/hr\/2017\/02\/20\/lejla-zukic-krivdic-ubernimmt-die-fuhrung-des-microsoft-kroatien-und-bosnien-und-herzegowina\/#more-'\" class=\"more-link\">&#8230; \u00bb\u00bb<\/a><\/p>","protected":false},"author":3,"featured_media":0,"comment_status":"open","ping_status":"open","sticky":false,"template":"","format":"standard","meta":{"site-sidebar-layout":"default","site-content-layout":"","ast-site-content-layout":"","site-content-style":"default","site-sidebar-style":"default","ast-global-header-display":"","ast-banner-title-visibility":"","ast-main-header-display":"","ast-hfb-above-header-display":"","ast-hfb-below-header-display":"","ast-hfb-mobile-header-display":"","site-post-title":"","ast-breadcrumbs-content":"","ast-featured-img":"","footer-sml-layout":"","theme-transparent-header-meta":"","adv-header-id-meta":"","stick-header-meta":"","header-above-stick-meta":"","header-main-stick-meta":"","header-below-stick-meta":"","astra-migrate-meta-layouts":"default","ast-page-background-enabled":"default","ast-page-background-meta":{"desktop":{"background-color":"var(--ast-global-color-5)","background-image":"","background-repeat":"repeat","background-position":"center center","background-size":"auto","background-attachment":"scroll","background-type":"","background-media":"","overlay-type":"","overlay-color":"","overlay-opacity":"","overlay-gradient":""},"tablet":{"background-color":"","background-image":"","background-repeat":"repeat","background-position":"center center","background-size":"auto","background-attachment":"scroll","background-type":"","background-media":"","overlay-type":"","overlay-color":"","overlay-opacity":"","overlay-gradient":""},"mobile":{"background-color":"","background-image":"","background-repeat":"repeat","background-position":"center center","background-size":"auto","background-attachment":"scroll","background-type":"","background-media":"","overlay-type":"","overlay-color":"","overlay-opacity":"","overlay-gradient":""}},"ast-content-background-meta":{"desktop":{"background-color":"var(--ast-global-color-4)","background-image":"","background-repeat":"repeat","background-position":"center center","background-size":"auto","background-attachment":"scroll","background-type":"","background-media":"","overlay-type":"","overlay-color":"","overlay-opacity":"","overlay-gradient":""},"tablet":{"background-color":"var(--ast-global-color-4)","background-image":"","background-repeat":"repeat","background-position":"center center","background-size":"auto","background-attachment":"scroll","background-type":"","background-media":"","overlay-type":"","overlay-color":"","overlay-opacity":"","overlay-gradient":""},"mobile":{"background-color":"var(--ast-global-color-4)","background-image":"","background-repeat":"repeat","background-position":"center center","background-size":"auto","background-attachment":"scroll","background-type":"","background-media":"","overlay-type":"","overlay-color":"","overlay-opacity":"","overlay-gradient":""}},"footnotes":""},"categories":[1],"tags":[],"class_list":["post-3801","post","type-post","status-publish","format-standard","hentry","category-sve"],"yoast_head":"<!-- This site is optimized with the Yoast SEO plugin v25.1 - https:\/\/yoast.com\/wordpress\/plugins\/seo\/ -->\n<title>[:en]Lejla Zuki\u0107 - Krivdi\u0107 takes the lead of Microsoft Croatia and Bosnia and Herzegovina[:hr]Lejla Zuki\u0107 \u2013 Krivdi\u0107 preuzima vodstvo Microsoft Hrvatska i BiH[:de]Lejla Zuki\u0107 - Krivdi\u0107 \u00fcbernimmt die F\u00fchrung des Microsoft Kroatien und Bosnien und Herzegowina[:] - Hotel Medena - Trogir - Croatia<\/title>\n<meta name=\"robots\" content=\"index, follow, max-snippet:-1, max-image-preview:large, max-video-preview:-1\" \/>\n<link rel=\"canonical\" href=\"https:\/\/www.hotelmedena.com\/hr\/2017\/02\/20\/lejla-zukic-krivdic-ubernimmt-die-fuhrung-des-microsoft-kroatien-und-bosnien-und-herzegowina\/\" \/>\n<meta property=\"og:locale\" content=\"hr_HR\" \/>\n<meta property=\"og:type\" content=\"article\" \/>\n<meta property=\"og:title\" content=\"[:en]Lejla Zuki\u0107 - Krivdi\u0107 takes the lead of Microsoft Croatia and Bosnia and Herzegovina[:hr]Lejla Zuki\u0107 \u2013 Krivdi\u0107 preuzima vodstvo Microsoft Hrvatska i BiH[:de]Lejla Zuki\u0107 - Krivdi\u0107 \u00fcbernimmt die F\u00fchrung des Microsoft Kroatien und Bosnien und Herzegowina[:] - Hotel Medena - Trogir - Croatia\" \/>\n<meta property=\"og:description\" content=\"[:en]The new director of Microsoft Croatia and Bosnia and Herzegovina is Lejla Zuki\u0107 &#8211; Krivdi\u0107. From the company has announced ... \u00bb\u00bb\" \/>\n<meta property=\"og:url\" content=\"https:\/\/www.hotelmedena.com\/hr\/2017\/02\/20\/lejla-zukic-krivdic-ubernimmt-die-fuhrung-des-microsoft-kroatien-und-bosnien-und-herzegowina\/\" \/>\n<meta property=\"og:site_name\" content=\"Hotel Medena - Trogir - Croatia\" \/>\n<meta property=\"article:published_time\" content=\"2017-02-20T23:27:05+00:00\" \/>\n<meta property=\"article:modified_time\" content=\"2017-02-28T23:28:47+00:00\" \/>\n<meta name=\"author\" content=\"A FG\" \/>\n<meta name=\"twitter:card\" content=\"summary_large_image\" \/>\n<meta name=\"twitter:label1\" content=\"Napisao\/la\" \/>\n\t<meta name=\"twitter:data1\" content=\"A FG\" \/>\n\t<meta name=\"twitter:label2\" content=\"Procijenjeno vrijeme \u010ditanja\" \/>\n\t<meta name=\"twitter:data2\" content=\"2 minute\" \/>\n<script type=\"application\/ld+json\" class=\"yoast-schema-graph\">{\"@context\":\"https:\/\/schema.org\",\"@graph\":[{\"@type\":\"Article\",\"@id\":\"https:\/\/www.hotelmedena.com\/2017\/02\/20\/lejla-zukic-krivdic-ubernimmt-die-fuhrung-des-microsoft-kroatien-und-bosnien-und-herzegowina\/#article\",\"isPartOf\":{\"@id\":\"https:\/\/www.hotelmedena.com\/2017\/02\/20\/lejla-zukic-krivdic-ubernimmt-die-fuhrung-des-microsoft-kroatien-und-bosnien-und-herzegowina\/\"},\"author\":{\"name\":\"A FG\",\"@id\":\"https:\/\/www.hotelmedena.com\/#\/schema\/person\/d1f68b6b98afae7c074484304d6b0acf\"},\"headline\":\"[:en]Lejla Zuki\u0107 &#8211; Krivdi\u0107 takes the lead of Microsoft Croatia and Bosnia and Herzegovina[:hr]Lejla Zuki\u0107 \u2013 Krivdi\u0107 preuzima vodstvo Microsoft Hrvatska i BiH[:de]Lejla Zuki\u0107 &#8211; Krivdi\u0107 \u00fcbernimmt die F\u00fchrung des Microsoft Kroatien und Bosnien und Herzegowina[:]\",\"datePublished\":\"2017-02-20T23:27:05+00:00\",\"dateModified\":\"2017-02-28T23:28:47+00:00\",\"mainEntityOfPage\":{\"@id\":\"https:\/\/www.hotelmedena.com\/2017\/02\/20\/lejla-zukic-krivdic-ubernimmt-die-fuhrung-des-microsoft-kroatien-und-bosnien-und-herzegowina\/\"},\"wordCount\":517,\"commentCount\":0,\"publisher\":{\"@id\":\"https:\/\/www.hotelmedena.com\/#organization\"},\"articleSection\":[\"Glavne vijesti\"],\"inLanguage\":\"hr\",\"potentialAction\":[{\"@type\":\"CommentAction\",\"name\":\"Comment\",\"target\":[\"https:\/\/www.hotelmedena.com\/2017\/02\/20\/lejla-zukic-krivdic-ubernimmt-die-fuhrung-des-microsoft-kroatien-und-bosnien-und-herzegowina\/#respond\"]}]},{\"@type\":\"WebPage\",\"@id\":\"https:\/\/www.hotelmedena.com\/2017\/02\/20\/lejla-zukic-krivdic-ubernimmt-die-fuhrung-des-microsoft-kroatien-und-bosnien-und-herzegowina\/\",\"url\":\"https:\/\/www.hotelmedena.com\/2017\/02\/20\/lejla-zukic-krivdic-ubernimmt-die-fuhrung-des-microsoft-kroatien-und-bosnien-und-herzegowina\/\",\"name\":\"[:en]Lejla Zuki\u0107 - Krivdi\u0107 takes the lead of Microsoft Croatia and Bosnia and Herzegovina[:hr]Lejla Zuki\u0107 \u2013 Krivdi\u0107 preuzima vodstvo Microsoft Hrvatska i BiH[:de]Lejla Zuki\u0107 - Krivdi\u0107 \u00fcbernimmt die F\u00fchrung des Microsoft Kroatien und Bosnien und Herzegowina[:] - Hotel Medena - Trogir - Croatia\",\"isPartOf\":{\"@id\":\"https:\/\/www.hotelmedena.com\/#website\"},\"datePublished\":\"2017-02-20T23:27:05+00:00\",\"dateModified\":\"2017-02-28T23:28:47+00:00\",\"breadcrumb\":{\"@id\":\"https:\/\/www.hotelmedena.com\/2017\/02\/20\/lejla-zukic-krivdic-ubernimmt-die-fuhrung-des-microsoft-kroatien-und-bosnien-und-herzegowina\/#breadcrumb\"},\"inLanguage\":\"hr\",\"potentialAction\":[{\"@type\":\"ReadAction\",\"target\":[\"https:\/\/www.hotelmedena.com\/2017\/02\/20\/lejla-zukic-krivdic-ubernimmt-die-fuhrung-des-microsoft-kroatien-und-bosnien-und-herzegowina\/\"]}]},{\"@type\":\"BreadcrumbList\",\"@id\":\"https:\/\/www.hotelmedena.com\/2017\/02\/20\/lejla-zukic-krivdic-ubernimmt-die-fuhrung-des-microsoft-kroatien-und-bosnien-und-herzegowina\/#breadcrumb\",\"itemListElement\":[{\"@type\":\"ListItem\",\"position\":1,\"name\":\"Home\",\"item\":\"https:\/\/www.hotelmedena.com\/\"},{\"@type\":\"ListItem\",\"position\":2,\"name\":\"[:en]Lejla Zuki\u0107 &#8211; Krivdi\u0107 takes the lead of Microsoft Croatia and Bosnia and Herzegovina[:hr]Lejla Zuki\u0107 \u2013 Krivdi\u0107 preuzima vodstvo Microsoft Hrvatska i BiH[:de]Lejla Zuki\u0107 &#8211; Krivdi\u0107 \u00fcbernimmt die F\u00fchrung des Microsoft Kroatien und Bosnien und Herzegowina[:]\"}]},{\"@type\":\"WebSite\",\"@id\":\"https:\/\/www.hotelmedena.com\/#website\",\"url\":\"https:\/\/www.hotelmedena.com\/\",\"name\":\"Hotel Medena - Trogir - Croatia\",\"description\":\"Obiteljski hotel\",\"publisher\":{\"@id\":\"https:\/\/www.hotelmedena.com\/#organization\"},\"potentialAction\":[{\"@type\":\"SearchAction\",\"target\":{\"@type\":\"EntryPoint\",\"urlTemplate\":\"https:\/\/www.hotelmedena.com\/?s={search_term_string}\"},\"query-input\":{\"@type\":\"PropertyValueSpecification\",\"valueRequired\":true,\"valueName\":\"search_term_string\"}}],\"inLanguage\":\"hr\"},{\"@type\":\"Organization\",\"@id\":\"https:\/\/www.hotelmedena.com\/#organization\",\"name\":\"Hotel Medena - Trogir - Croatia\",\"url\":\"https:\/\/www.hotelmedena.com\/\",\"logo\":{\"@type\":\"ImageObject\",\"inLanguage\":\"hr\",\"@id\":\"https:\/\/www.hotelmedena.com\/#\/schema\/logo\/image\/\",\"url\":\"https:\/\/www.hotelmedena.com\/wp-content\/uploads\/2025\/03\/cropped-hotel-logo2-1.png\",\"contentUrl\":\"https:\/\/www.hotelmedena.com\/wp-content\/uploads\/2025\/03\/cropped-hotel-logo2-1.png\",\"width\":888,\"height\":622,\"caption\":\"Hotel Medena - Trogir - Croatia\"},\"image\":{\"@id\":\"https:\/\/www.hotelmedena.com\/#\/schema\/logo\/image\/\"}},{\"@type\":\"Person\",\"@id\":\"https:\/\/www.hotelmedena.com\/#\/schema\/person\/d1f68b6b98afae7c074484304d6b0acf\",\"name\":\"A FG\",\"url\":\"http:\/\/www.hotelmedena.com\/hr\/author\/anamarija\/\"}]}<\/script>\n<!-- \/ Yoast SEO plugin. -->","yoast_head_json":{"title":"[:en]Lejla Zuki\u0107 - Krivdi\u0107 takes the lead of Microsoft Croatia and Bosnia and Herzegovina[:hr]Lejla Zuki\u0107 \u2013 Krivdi\u0107 preuzima vodstvo Microsoft Hrvatska i BiH[:de]Lejla Zuki\u0107 - Krivdi\u0107 \u00fcbernimmt die F\u00fchrung des Microsoft Kroatien und Bosnien und Herzegowina[:] - Hotel Medena - Trogir - Croatia","robots":{"index":"index","follow":"follow","max-snippet":"max-snippet:-1","max-image-preview":"max-image-preview:large","max-video-preview":"max-video-preview:-1"},"canonical":"https:\/\/www.hotelmedena.com\/hr\/2017\/02\/20\/lejla-zukic-krivdic-ubernimmt-die-fuhrung-des-microsoft-kroatien-und-bosnien-und-herzegowina\/","og_locale":"hr_HR","og_type":"article","og_title":"[:en]Lejla Zuki\u0107 - Krivdi\u0107 takes the lead of Microsoft Croatia and Bosnia and Herzegovina[:hr]Lejla Zuki\u0107 \u2013 Krivdi\u0107 preuzima vodstvo Microsoft Hrvatska i BiH[:de]Lejla Zuki\u0107 - Krivdi\u0107 \u00fcbernimmt die F\u00fchrung des Microsoft Kroatien und Bosnien und Herzegowina[:] - Hotel Medena - Trogir - Croatia","og_description":"[:en]The new director of Microsoft Croatia and Bosnia and Herzegovina is Lejla Zuki\u0107 &#8211; Krivdi\u0107. From the company has announced ... \u00bb\u00bb","og_url":"https:\/\/www.hotelmedena.com\/hr\/2017\/02\/20\/lejla-zukic-krivdic-ubernimmt-die-fuhrung-des-microsoft-kroatien-und-bosnien-und-herzegowina\/","og_site_name":"Hotel Medena - Trogir - Croatia","article_published_time":"2017-02-20T23:27:05+00:00","article_modified_time":"2017-02-28T23:28:47+00:00","author":"A FG","twitter_card":"summary_large_image","twitter_misc":{"Napisao\/la":"A FG","Procijenjeno vrijeme \u010ditanja":"2 minute"},"schema":{"@context":"https:\/\/schema.org","@graph":[{"@type":"Article","@id":"https:\/\/www.hotelmedena.com\/2017\/02\/20\/lejla-zukic-krivdic-ubernimmt-die-fuhrung-des-microsoft-kroatien-und-bosnien-und-herzegowina\/#article","isPartOf":{"@id":"https:\/\/www.hotelmedena.com\/2017\/02\/20\/lejla-zukic-krivdic-ubernimmt-die-fuhrung-des-microsoft-kroatien-und-bosnien-und-herzegowina\/"},"author":{"name":"A FG","@id":"https:\/\/www.hotelmedena.com\/#\/schema\/person\/d1f68b6b98afae7c074484304d6b0acf"},"headline":"[:en]Lejla Zuki\u0107 &#8211; Krivdi\u0107 takes the lead of Microsoft Croatia and Bosnia and Herzegovina[:hr]Lejla Zuki\u0107 \u2013 Krivdi\u0107 preuzima vodstvo Microsoft Hrvatska i BiH[:de]Lejla Zuki\u0107 &#8211; Krivdi\u0107 \u00fcbernimmt die F\u00fchrung des Microsoft Kroatien und Bosnien und Herzegowina[:]","datePublished":"2017-02-20T23:27:05+00:00","dateModified":"2017-02-28T23:28:47+00:00","mainEntityOfPage":{"@id":"https:\/\/www.hotelmedena.com\/2017\/02\/20\/lejla-zukic-krivdic-ubernimmt-die-fuhrung-des-microsoft-kroatien-und-bosnien-und-herzegowina\/"},"wordCount":517,"commentCount":0,"publisher":{"@id":"https:\/\/www.hotelmedena.com\/#organization"},"articleSection":["Glavne vijesti"],"inLanguage":"hr","potentialAction":[{"@type":"CommentAction","name":"Comment","target":["https:\/\/www.hotelmedena.com\/2017\/02\/20\/lejla-zukic-krivdic-ubernimmt-die-fuhrung-des-microsoft-kroatien-und-bosnien-und-herzegowina\/#respond"]}]},{"@type":"WebPage","@id":"https:\/\/www.hotelmedena.com\/2017\/02\/20\/lejla-zukic-krivdic-ubernimmt-die-fuhrung-des-microsoft-kroatien-und-bosnien-und-herzegowina\/","url":"https:\/\/www.hotelmedena.com\/2017\/02\/20\/lejla-zukic-krivdic-ubernimmt-die-fuhrung-des-microsoft-kroatien-und-bosnien-und-herzegowina\/","name":"[:en]Lejla Zuki\u0107 - Krivdi\u0107 takes the lead of Microsoft Croatia and Bosnia and Herzegovina[:hr]Lejla Zuki\u0107 \u2013 Krivdi\u0107 preuzima vodstvo Microsoft Hrvatska i BiH[:de]Lejla Zuki\u0107 - Krivdi\u0107 \u00fcbernimmt die F\u00fchrung des Microsoft Kroatien und Bosnien und Herzegowina[:] - Hotel Medena - Trogir - Croatia","isPartOf":{"@id":"https:\/\/www.hotelmedena.com\/#website"},"datePublished":"2017-02-20T23:27:05+00:00","dateModified":"2017-02-28T23:28:47+00:00","breadcrumb":{"@id":"https:\/\/www.hotelmedena.com\/2017\/02\/20\/lejla-zukic-krivdic-ubernimmt-die-fuhrung-des-microsoft-kroatien-und-bosnien-und-herzegowina\/#breadcrumb"},"inLanguage":"hr","potentialAction":[{"@type":"ReadAction","target":["https:\/\/www.hotelmedena.com\/2017\/02\/20\/lejla-zukic-krivdic-ubernimmt-die-fuhrung-des-microsoft-kroatien-und-bosnien-und-herzegowina\/"]}]},{"@type":"BreadcrumbList","@id":"https:\/\/www.hotelmedena.com\/2017\/02\/20\/lejla-zukic-krivdic-ubernimmt-die-fuhrung-des-microsoft-kroatien-und-bosnien-und-herzegowina\/#breadcrumb","itemListElement":[{"@type":"ListItem","position":1,"name":"Home","item":"https:\/\/www.hotelmedena.com\/"},{"@type":"ListItem","position":2,"name":"[:en]Lejla Zuki\u0107 &#8211; Krivdi\u0107 takes the lead of Microsoft Croatia and Bosnia and Herzegovina[:hr]Lejla Zuki\u0107 \u2013 Krivdi\u0107 preuzima vodstvo Microsoft Hrvatska i BiH[:de]Lejla Zuki\u0107 &#8211; Krivdi\u0107 \u00fcbernimmt die F\u00fchrung des Microsoft Kroatien und Bosnien und Herzegowina[:]"}]},{"@type":"WebSite","@id":"https:\/\/www.hotelmedena.com\/#website","url":"https:\/\/www.hotelmedena.com\/","name":"Hotel Medena - Trogir - Croatia","description":"Obiteljski hotel","publisher":{"@id":"https:\/\/www.hotelmedena.com\/#organization"},"potentialAction":[{"@type":"SearchAction","target":{"@type":"EntryPoint","urlTemplate":"https:\/\/www.hotelmedena.com\/?s={search_term_string}"},"query-input":{"@type":"PropertyValueSpecification","valueRequired":true,"valueName":"search_term_string"}}],"inLanguage":"hr"},{"@type":"Organization","@id":"https:\/\/www.hotelmedena.com\/#organization","name":"Hotel Medena - Trogir - Croatia","url":"https:\/\/www.hotelmedena.com\/","logo":{"@type":"ImageObject","inLanguage":"hr","@id":"https:\/\/www.hotelmedena.com\/#\/schema\/logo\/image\/","url":"https:\/\/www.hotelmedena.com\/wp-content\/uploads\/2025\/03\/cropped-hotel-logo2-1.png","contentUrl":"https:\/\/www.hotelmedena.com\/wp-content\/uploads\/2025\/03\/cropped-hotel-logo2-1.png","width":888,"height":622,"caption":"Hotel Medena - Trogir - Croatia"},"image":{"@id":"https:\/\/www.hotelmedena.com\/#\/schema\/logo\/image\/"}},{"@type":"Person","@id":"https:\/\/www.hotelmedena.com\/#\/schema\/person\/d1f68b6b98afae7c074484304d6b0acf","name":"A FG","url":"http:\/\/www.hotelmedena.com\/hr\/author\/anamarija\/"}]}},"_links":{"self":[{"href":"http:\/\/www.hotelmedena.com\/hr\/wp-json\/wp\/v2\/posts\/3801","targetHints":{"allow":["GET"]}}],"collection":[{"href":"http:\/\/www.hotelmedena.com\/hr\/wp-json\/wp\/v2\/posts"}],"about":[{"href":"http:\/\/www.hotelmedena.com\/hr\/wp-json\/wp\/v2\/types\/post"}],"author":[{"embeddable":true,"href":"http:\/\/www.hotelmedena.com\/hr\/wp-json\/wp\/v2\/users\/3"}],"replies":[{"embeddable":true,"href":"http:\/\/www.hotelmedena.com\/hr\/wp-json\/wp\/v2\/comments?post=3801"}],"version-history":[{"count":1,"href":"http:\/\/www.hotelmedena.com\/hr\/wp-json\/wp\/v2\/posts\/3801\/revisions"}],"predecessor-version":[{"id":3802,"href":"http:\/\/www.hotelmedena.com\/hr\/wp-json\/wp\/v2\/posts\/3801\/revisions\/3802"}],"wp:attachment":[{"href":"http:\/\/www.hotelmedena.com\/hr\/wp-json\/wp\/v2\/media?parent=3801"}],"wp:term":[{"taxonomy":"category","embeddable":true,"href":"http:\/\/www.hotelmedena.com\/hr\/wp-json\/wp\/v2\/categories?post=3801"},{"taxonomy":"post_tag","embeddable":true,"href":"http:\/\/www.hotelmedena.com\/hr\/wp-json\/wp\/v2\/tags?post=3801"}],"curies":[{"name":"wp","href":"https:\/\/api.w.org\/{rel}","templated":true}]}}